{"id":500,"date":"2025-09-11T13:33:54","date_gmt":"2025-09-11T11:33:54","guid":{"rendered":"https:\/\/analyse-schmitt-kollektiv.de\/?p=500"},"modified":"2026-04-02T13:04:56","modified_gmt":"2026-04-02T11:04:56","slug":"maedchenschrift-2","status":"publish","type":"post","link":"https:\/\/analyse-schmitt-kollektiv.de\/en\/projekte\/maedchenschrift-2\/","title":{"rendered":"M\u00e4dchenschrift"},"content":{"rendered":"<div id='layer_slider_1'  class='avia-layerslider main_color avia-shadow  avia-builder-el-0  el_before_av_layerslider  avia-builder-el-first  container_wrap fullsize'  style='height: 501px; max-width: 1280px; margin: 0 auto;'  ><\/div>\n<div id='layer_slider_2'  class='avia-layerslider main_color avia-shadow  avia-builder-el-1  el_after_av_layerslider  el_before_av_section  slider-not-first container_wrap fullsize'  style='height: 901px; max-width: 768px; margin: 0 auto;'  ><\/div>\n\n<style type=\"text\/css\" data-created_by=\"avia_inline_auto\" id=\"style-css-av-m59yba76-c4b332829eb1a0f184c4cf26b44cb813\">\n.avia-section.av-m59yba76-c4b332829eb1a0f184c4cf26b44cb813{\nbackground-color:#212121;\nbackground-image:unset;\n}\n<\/style>\n<div id='av_section_1'  class='avia-section av-m59yba76-c4b332829eb1a0f184c4cf26b44cb813 main_color avia-section-small avia-no-border-styling  avia-builder-el-2  el_after_av_layerslider  el_before_av_section  avia-bg-style-scroll av-minimum-height av-minimum-height-custom av-height-custom  container_wrap fullsize'   data-av_minimum_height_px='150'><div class='container av-section-cont-open' style='height:150px'><div class='template-page content  av-content-full alpha units'><div class='post-entry post-entry-type-page post-entry-500'><div class='entry-content-wrapper clearfix'>\n<div  class='flex_column av-bpj1-1e88394f85a04531cdfcea53a70e4f81 av_one_third  avia-builder-el-3  el_before_av_one_third  avia-builder-el-first  first flex_column_div'     ><style type=\"text\/css\" data-created_by=\"avia_inline_auto\" id=\"style-css-av-m59ycjca-6f12fb02c74cf84744222c582fa40df4\">\n#top .av_textblock_section.av-m59ycjca-6f12fb02c74cf84744222c582fa40df4 .avia_textblock{\ncolor:#ffffff;\n}\n<\/style>\n<section  class='av_textblock_section av-m59ycjca-6f12fb02c74cf84744222c582fa40df4'   itemscope=\"itemscope\" itemtype=\"https:\/\/schema.org\/BlogPosting\" itemprop=\"blogPost\" ><div class='avia_textblock av_inherit_color'  itemprop=\"text\" ><p style=\"text-align: center;\"><strong>22.06.2025<\/strong><\/p>\n<p style=\"text-align: center;\">Premiere<\/p>\n<\/div><\/section><\/div><div  class='flex_column av-3i5-7295e76db5d5eb6db4dc48b40cd21928 av_one_third  avia-builder-el-5  el_after_av_one_third  el_before_av_one_third  flex_column_div'     ><style type=\"text\/css\" data-created_by=\"avia_inline_auto\" id=\"style-css-av-8k3z-e11e8e8358b0eaf0125dd3e94f98bb07\">\n#top .av_textblock_section.av-8k3z-e11e8e8358b0eaf0125dd3e94f98bb07 .avia_textblock{\ncolor:#ffffff;\n}\n<\/style>\n<section  class='av_textblock_section av-8k3z-e11e8e8358b0eaf0125dd3e94f98bb07'   itemscope=\"itemscope\" itemtype=\"https:\/\/schema.org\/BlogPosting\" itemprop=\"blogPost\" ><div class='avia_textblock av_inherit_color'  itemprop=\"text\" ><p style=\"text-align: center;\">A collaboration with<\/p>\n<p style=\"text-align: center;\"><strong>Junges Staatstheater Karlsruhe<\/strong><\/p>\n<\/div><\/section><\/div><div  class='flex_column av-503d-52eb462b5ab2506bd4c5dfe84c21fc33 av_one_third  avia-builder-el-7  el_after_av_one_third  avia-builder-el-last  flex_column_div'     ><style type=\"text\/css\" data-created_by=\"avia_inline_auto\" id=\"style-css-av-3mc9-eda20b0c2c590e087a5c0c1b810e0ead\">\n#top .av_textblock_section.av-3mc9-eda20b0c2c590e087a5c0c1b810e0ead .avia_textblock{\ncolor:#ffffff;\n}\n<\/style>\n<section  class='av_textblock_section av-3mc9-eda20b0c2c590e087a5c0c1b810e0ead'   itemscope=\"itemscope\" itemtype=\"https:\/\/schema.org\/BlogPosting\" itemprop=\"blogPost\" ><div class='avia_textblock av_inherit_color'  itemprop=\"text\" ><p style=\"text-align: center;\"><strong>find more information<\/strong><\/p>\n<p style=\"text-align: center;\"><a href=\"https:\/\/www.staatstheater.karlsruhe.de\/programm\/info\/3673\/\" target=\"_blank\" rel=\"noopener\">here<\/a><\/p>\n<\/div><\/section><\/div>\n\n<\/div><\/div><\/div><!-- close content main div --><\/div><\/div>\n<style type=\"text\/css\" data-created_by=\"avia_inline_auto\" id=\"style-css-av-am0t-b719d1cccb8300d67ee6d955424b8af7\">\n.avia-section.av-am0t-b719d1cccb8300d67ee6d955424b8af7{\nbackground-color:#f2f2f2;\nbackground-image:unset;\n}\n<\/style>\n<div id='av_section_2'  class='avia-section av-am0t-b719d1cccb8300d67ee6d955424b8af7 alternate_color avia-section-no-padding avia-no-border-styling  avia-builder-el-9  el_after_av_section  el_before_av_section  slick-slider avia-bg-style-scroll container_wrap fullsize'  ><div class='container av-section-cont-open' ><div class='template-page content  av-content-full alpha units'><div class='post-entry post-entry-type-page post-entry-500'><div class='entry-content-wrapper clearfix'>\n<div class='flex_column_table av-7sdx-1a9d3dd9f2be067ad5ceab1b0424be33 sc-av_two_fifth av-equal-height-column-flextable'>\n<style type=\"text\/css\" data-created_by=\"avia_inline_auto\" id=\"style-css-av-7sdx-1a9d3dd9f2be067ad5ceab1b0424be33\">\n.flex_column.av-7sdx-1a9d3dd9f2be067ad5ceab1b0424be33{\nheight:491px;\n}\n<\/style>\n<div  class='flex_column av-7sdx-1a9d3dd9f2be067ad5ceab1b0424be33 av_two_fifth  avia-builder-el-10  el_before_av_three_fifth  avia-builder-el-first  first flex_column_table_cell av-equal-height-column av-align-middle'     ><style type=\"text\/css\" data-created_by=\"avia_inline_auto\" id=\"style-css-av-60uz-c3caf44a31831f03da096d5c60614fa9\">\n.avia-image-container.av-60uz-c3caf44a31831f03da096d5c60614fa9 img.avia_image{\nbox-shadow:none;\n}\n.avia-image-container.av-60uz-c3caf44a31831f03da096d5c60614fa9 .av-image-caption-overlay-center{\ncolor:#ffffff;\n}\n<\/style>\n<div  class='avia-image-container av-60uz-c3caf44a31831f03da096d5c60614fa9 av-styling- avia-align-center  avia-builder-el-11  avia-builder-el-no-sibling  av-has-copyright av-copyright-always'   itemprop=\"image\" itemscope=\"itemscope\" itemtype=\"https:\/\/schema.org\/ImageObject\" ><div class=\"avia-image-container-inner\"><div class=\"avia-image-overlay-wrap\"><img decoding=\"async\" fetchpriority=\"high\" class='wp-image-444 avia-img-lazy-loading-not-444 avia_image' src=\"https:\/\/analyse-schmitt-kollektiv.de\/wp-content\/uploads\/2025\/02\/0O1A2405-scaled.jpg\" alt='' title='M\u00e4dchenschrift'  height=\"1708\" width=\"2560\"  itemprop=\"thumbnailUrl\" srcset=\"https:\/\/analyse-schmitt-kollektiv.de\/wp-content\/uploads\/2025\/02\/0O1A2405-scaled.jpg 2560w, https:\/\/analyse-schmitt-kollektiv.de\/wp-content\/uploads\/2025\/02\/0O1A2405-300x200.jpg 300w, https:\/\/analyse-schmitt-kollektiv.de\/wp-content\/uploads\/2025\/02\/0O1A2405-1030x687.jpg 1030w, https:\/\/analyse-schmitt-kollektiv.de\/wp-content\/uploads\/2025\/02\/0O1A2405-768x512.jpg 768w, https:\/\/analyse-schmitt-kollektiv.de\/wp-content\/uploads\/2025\/02\/0O1A2405-1536x1025.jpg 1536w, https:\/\/analyse-schmitt-kollektiv.de\/wp-content\/uploads\/2025\/02\/0O1A2405-2048x1366.jpg 2048w, https:\/\/analyse-schmitt-kollektiv.de\/wp-content\/uploads\/2025\/02\/0O1A2405-18x12.jpg 18w, https:\/\/analyse-schmitt-kollektiv.de\/wp-content\/uploads\/2025\/02\/0O1A2405-1500x1001.jpg 1500w, https:\/\/analyse-schmitt-kollektiv.de\/wp-content\/uploads\/2025\/02\/0O1A2405-705x470.jpg 705w\" sizes=\"(max-width: 2560px) 100vw, 2560px\" \/><\/div><small class=\"avia-copyright\">Chris Fr\u00fche, Badisches Staatstheater<\/small><\/div><\/div><\/div><div class='av-flex-placeholder'><\/div>\n<style type=\"text\/css\" data-created_by=\"avia_inline_auto\" id=\"style-css-av-2pep-99d28f784209d863edae9a714b863ab2\">\n.flex_column.av-2pep-99d28f784209d863edae9a714b863ab2{\npadding:20px 0 20px 0;\n}\n<\/style>\n<div  class='flex_column av-2pep-99d28f784209d863edae9a714b863ab2 av_three_fifth  avia-builder-el-12  el_after_av_two_fifth  avia-builder-el-last  flex_column_table_cell av-equal-height-column av-align-middle'     ><section  class='av_textblock_section av-m59ylyks-a03a3ce675f8f229704d3fec65ce3581'   itemscope=\"itemscope\" itemtype=\"https:\/\/schema.org\/BlogPosting\" itemprop=\"blogPost\" ><div class='avia_textblock'  itemprop=\"text\" ><h3>THE STORY<\/h3>\n<p>What does it mean to grow up as a girl*? And above all: for whom? Only moments ago it was still possible to play freely in the schoolyard like everyone else. And suddenly the body begins to change. Suddenly there is responsibility, suddenly there is an expectation to fit into the image of what a woman should be. Be strong, but not too strong; be mature, but not too mature. And as if that weren\u2019t enough: this body suddenly seems to belong to everyone else \u2014 to their gazes, their comments, their burdens and intrusions. Stop!!! Three performers and a vocal ensemble come together to give voice to these shared yet deeply individual experiences. <em>M\u00e4dchenschrift<\/em>\u00a0is<wbr \/>t Beschreibung, (Selbst-)Erforschung und Manifest zugleich. Sie widersetzt sich den Zuschreibungen und Zumutungen, den Bewertungen und Bel\u00e4stigungen, die Frauen* kleinhalten und ihnen die Luft abschn\u00fcren. F\u00fcr diesen starken Text wurde \u00d6zlem \u00d6zg\u00fcl D\u00fcndar 2023 mit dem renommierten Kinder- und Jugenddramatiker:innenpreis \u201eKaas&amp;Kappes\u201c ausgezeichnet.<\/p>\n<p>The asterisk* indicates that all those who identify as girls\/women are included.<\/p>\n<p>On the website of the <a href=\"https:\/\/www.staatstheater-karlsruhe.de\/programm\/video\/3673\/\">Badisches Staatstheater Karlsruhe<\/a> you can find further information about the piece, upcoming performance dates, and an interview with us about our first co-directed production as a collective.<\/p>\n<p><a href=\"https:\/\/www.youtube.com\/shorts\/bTp-hW3nOPw\">Trailer M\u00e4dchenschrift<\/a><\/p>\n<\/div><\/section><\/div><\/div><!--close column table wrapper. Autoclose: 1 -->\n\n<\/div><\/div><\/div><!-- close content main div --><\/div><\/div><div id='av_section_3'  class='avia-section av-5ioj-1617a20e180008e746c14cfb47f4fcc5 main_color avia-section-default avia-no-border-styling  avia-builder-el-14  el_after_av_section  el_before_av_section  avia-bg-style-scroll container_wrap fullsize'  ><div class='container av-section-cont-open' ><div class='template-page content  av-content-full alpha units'><div class='post-entry post-entry-type-page post-entry-500'><div class='entry-content-wrapper clearfix'>\n\n<style type=\"text\/css\" data-created_by=\"avia_inline_auto\" id=\"style-css-av-bzp-0aa6dc51492eee462196446e0d20c6ec\">\n.flex_column.av-bzp-0aa6dc51492eee462196446e0d20c6ec{\npadding:60px 60px 60px 60px;\nheight:auto;\nmin-height:370px;\n}\n<\/style>\n<div  class='flex_column av-bzp-0aa6dc51492eee462196446e0d20c6ec av_one_half  avia-builder-el-15  el_before_av_one_half  avia-builder-el-first  first flex_column_div'     ><section  class='av_textblock_section av-m59yphkk-e8bb422f74ef9486718add0f08def8d9'   itemscope=\"itemscope\" itemtype=\"https:\/\/schema.org\/BlogPosting\" itemprop=\"blogPost\" ><div class='avia_textblock'  itemprop=\"text\" ><h3>THE COOPERATION<\/h3>\n<p>This production was created in collaboration with the Junges Staatstheater Karlsruhe for audiences aged 14 and up. Tickets for school groups and private visitors are available through the website of the Badisches Staatstheater Karlsruhe. We are delighted about this collaboration and look forward to welcoming you.<\/p>\n<p>Ticket available <a href=\"https:\/\/www.staatstheater-karlsruhe.de\/programm\/info\/3673\/\">here.<\/a><\/p>\n<\/div><\/section><\/div>\n<style type=\"text\/css\" data-created_by=\"avia_inline_auto\" id=\"style-css-av-m59yqik4-0270b7b0e631aa184a2c4e4cee11d96d\">\n.flex_column.av-m59yqik4-0270b7b0e631aa184a2c4e4cee11d96d{\npadding:60px 60px 60px 60px;\nheight:auto;\nmin-height:370px;\nbackground-color:#f2f2f2;\n}\n<\/style>\n<div  class='flex_column av-m59yqik4-0270b7b0e631aa184a2c4e4cee11d96d av_one_half  avia-builder-el-17  el_after_av_one_half  avia-builder-el-last  flex_column_div'     ><section  class='av_textblock_section av-m59yr2nx-f98649055319581d969b97c3e4c05772'   itemscope=\"itemscope\" itemtype=\"https:\/\/schema.org\/BlogPosting\" itemprop=\"blogPost\" ><div class='avia_textblock'  itemprop=\"text\" ><h3>VOICE ENSEMBLE<\/h3>\n<p>What makes M\u00e4dchenschrift special is our voice ensemble: six FLINTA* from Karlsruhe who perform on stage together with the actors of the Badisches Staatstheater (Jeanne-Marie Bertram, Laman Leane Israfilova, and Lisa Schlegel):<\/p>\n<p>Jasmin B\u00f6rsig, G\u00fcl Hilal Bulut, Julika K\u00fchner, Emma Lequy, Marla Sch\u00e4fer, Nergiz Yildiz<\/p>\n<\/div><\/section><\/div>\n\n<\/div><\/div><\/div><!-- close content main div --><\/div><\/div>\n<style type=\"text\/css\" data-created_by=\"avia_inline_auto\" id=\"style-css-av-m59z1x2w-5a1244363f17460415de16e2966870cb\">\n.avia-section.av-m59z1x2w-5a1244363f17460415de16e2966870cb{\nbackground-color:#cd378d;\nbackground-image:unset;\nmargin-top:0px;\nmargin-bottom:70px;\n}\n<\/style>\n<div id='av_section_4'  class='avia-section av-m59z1x2w-5a1244363f17460415de16e2966870cb main_color avia-section-default avia-no-border-styling  avia-builder-el-19  el_after_av_section  el_before_av_section  avia-bg-style-scroll av-minimum-height av-minimum-height-custom av-height-custom  container_wrap fullsize'   data-av_minimum_height_px='100'><div class='container av-section-cont-open' style='height:100px'><div class='template-page content  av-content-full alpha units'><div class='post-entry post-entry-type-page post-entry-500'><div class='entry-content-wrapper clearfix'>\n<div  class='flex_column av-5j8t-223db99d9a83f486fb4644296b5abab3 av_one_half  avia-builder-el-20  el_before_av_one_half  avia-builder-el-first  first flex_column_div'     ><style type=\"text\/css\" data-created_by=\"avia_inline_auto\" id=\"style-css-av-m59z43jh-a82848d51c3fa222efcb526dd24b443e\">\n#top .av_textblock_section.av-m59z43jh-a82848d51c3fa222efcb526dd24b443e .avia_textblock{\ncolor:#ffffff;\n}\n<\/style>\n<section  class='av_textblock_section av-m59z43jh-a82848d51c3fa222efcb526dd24b443e'   itemscope=\"itemscope\" itemtype=\"https:\/\/schema.org\/BlogPosting\" itemprop=\"blogPost\" ><div class='avia_textblock av_inherit_color'  itemprop=\"text\" ><p>Interested in other projects?<\/p>\n<\/div><\/section><\/div><div  class='flex_column av-3fy9-b7fbe1d4bdc592648a15b1e23ca53fd9 av_one_half  avia-builder-el-22  el_after_av_one_half  avia-builder-el-last  flex_column_div'     ><div  class='avia-button-wrap av-m59z640m-0e8c0c24fc7fe232f3d3de529ced875e-wrap avia-button-center  avia-builder-el-23  avia-builder-el-no-sibling'>\n<style type=\"text\/css\" data-created_by=\"avia_inline_auto\" id=\"style-css-av-m59z640m-0e8c0c24fc7fe232f3d3de529ced875e\">\n#top #wrap_all .avia-button.av-m59z640m-0e8c0c24fc7fe232f3d3de529ced875e{\nbox-shadow:none;\ntransition:all 0.4s ease-in-out;\n}\n#top #wrap_all .avia-button.av-m59z640m-0e8c0c24fc7fe232f3d3de529ced875e:hover{\nbackground-color:white;\ncolor:#cd378d;\ntransition:all 0.4s ease-in-out;\n}\n<\/style>\n<a href='https:\/\/analyse-schmitt-kollektiv.de\/en\/projekte\/'  class='avia-button av-m59z640m-0e8c0c24fc7fe232f3d3de529ced875e avia-icon_select-no avia-size-medium avia-position-center avia-color-light avia-font-color-theme-color-highlight'  ><span class='avia_iconbox_title' >see the overview<\/span><\/a><\/div><\/div>\n\n<\/div><\/div><\/div><!-- close content main div --><\/div><\/div><div id='av_section_5'  class='avia-section av-dncno-c9f07349b9f1fe4c56d996a94d2b3a4a main_color avia-section-default avia-no-border-styling  avia-builder-el-24  el_after_av_section  el_before_av_section  avia-bg-style-scroll container_wrap fullsize'  ><div class='container av-section-cont-open' ><div class='template-page content  av-content-full alpha units'><div class='post-entry post-entry-type-page post-entry-500'><div class='entry-content-wrapper clearfix'>\n<div id='av-masonry-1' class='av-masonry av-7dkkk-6852933ba21c6c38472c968268cc2153 noHover av-flex-size av-large-gap av-hover-overlay-active av-masonry-animation-active av-masonry-col-flexible av-caption-always av-caption-style- av-masonry-gallery' data-post_id=\"500\"><div class=\"av-masonry-container isotope av-js-disabled\"><div class='av-masonry-entry isotope-item av-masonry-item-no-image'><\/div><a href=\"https:\/\/analyse-schmitt-kollektiv.de\/wp-content\/uploads\/2025\/09\/0O1A2405-1030x687.jpg\" data-srcset=\"https:\/\/analyse-schmitt-kollektiv.de\/wp-content\/uploads\/2025\/09\/0O1A2405-1030x687.jpg 1030w, https:\/\/analyse-schmitt-kollektiv.de\/wp-content\/uploads\/2025\/09\/0O1A2405-300x200.jpg 300w, https:\/\/analyse-schmitt-kollektiv.de\/wp-content\/uploads\/2025\/09\/0O1A2405-768x512.jpg 768w, https:\/\/analyse-schmitt-kollektiv.de\/wp-content\/uploads\/2025\/09\/0O1A2405-1536x1025.jpg 1536w, https:\/\/analyse-schmitt-kollektiv.de\/wp-content\/uploads\/2025\/09\/0O1A2405-2048x1366.jpg 2048w, https:\/\/analyse-schmitt-kollektiv.de\/wp-content\/uploads\/2025\/09\/0O1A2405-18x12.jpg 18w, https:\/\/analyse-schmitt-kollektiv.de\/wp-content\/uploads\/2025\/09\/0O1A2405-1500x1001.jpg 1500w, https:\/\/analyse-schmitt-kollektiv.de\/wp-content\/uploads\/2025\/09\/0O1A2405-705x470.jpg 705w\" data-sizes=\"(max-width: 1030px) 100vw, 1030px\"  aria-label=\"image \u00a9 Chris Fr\u00fche, Badisches Staatstheater Karlsruhe\"  id='av-masonry-1-item-537' data-av-masonry-item='537' class='av-masonry-entry isotope-item post-537 attachment type-attachment status-inherit hentry  av-masonry-item-with-image' title=\"\u00a9 Chris Fr\u00fche, Badisches Staatstheater Karlsruhe\" alt=\"\"    itemprop=\"thumbnailUrl\" ><div class='av-inner-masonry-sizer'><\/div><figure class='av-inner-masonry main_color'><div class=\"av-masonry-outerimage-container\"><div class='av-masonry-image-container'   ><img decoding=\"async\" width=\"705\" height=\"470\" fetchpriority=\"high\" class=\"wp-image-537 avia-img-lazy-loading-not-537\"  src=\"https:\/\/analyse-schmitt-kollektiv.de\/wp-content\/uploads\/2025\/09\/0O1A2405-705x470.jpg\" title=\"\u00a9 Chris Fr\u00fche, Badisches Staatstheater Karlsruhe\" alt=\"\" srcset=\"https:\/\/analyse-schmitt-kollektiv.de\/wp-content\/uploads\/2025\/09\/0O1A2405-705x470.jpg 705w, https:\/\/analyse-schmitt-kollektiv.de\/wp-content\/uploads\/2025\/09\/0O1A2405-300x200.jpg 300w, https:\/\/analyse-schmitt-kollektiv.de\/wp-content\/uploads\/2025\/09\/0O1A2405-1030x687.jpg 1030w, https:\/\/analyse-schmitt-kollektiv.de\/wp-content\/uploads\/2025\/09\/0O1A2405-768x512.jpg 768w, https:\/\/analyse-schmitt-kollektiv.de\/wp-content\/uploads\/2025\/09\/0O1A2405-1536x1025.jpg 1536w, https:\/\/analyse-schmitt-kollektiv.de\/wp-content\/uploads\/2025\/09\/0O1A2405-2048x1366.jpg 2048w, https:\/\/analyse-schmitt-kollektiv.de\/wp-content\/uploads\/2025\/09\/0O1A2405-18x12.jpg 18w, https:\/\/analyse-schmitt-kollektiv.de\/wp-content\/uploads\/2025\/09\/0O1A2405-1500x1001.jpg 1500w\" sizes=\"(max-width: 705px) 100vw, 705px\" \/><\/div><\/div><\/figure><\/a><!--end av-masonry entry--><a href=\"https:\/\/analyse-schmitt-kollektiv.de\/wp-content\/uploads\/2025\/09\/0O1A2000-687x1030.jpg\" data-srcset=\"https:\/\/analyse-schmitt-kollektiv.de\/wp-content\/uploads\/2025\/09\/0O1A2000-687x1030.jpg 687w, https:\/\/analyse-schmitt-kollektiv.de\/wp-content\/uploads\/2025\/09\/0O1A2000-200x300.jpg 200w, https:\/\/analyse-schmitt-kollektiv.de\/wp-content\/uploads\/2025\/09\/0O1A2000-768x1151.jpg 768w, https:\/\/analyse-schmitt-kollektiv.de\/wp-content\/uploads\/2025\/09\/0O1A2000-1025x1536.jpg 1025w, https:\/\/analyse-schmitt-kollektiv.de\/wp-content\/uploads\/2025\/09\/0O1A2000-1366x2048.jpg 1366w, https:\/\/analyse-schmitt-kollektiv.de\/wp-content\/uploads\/2025\/09\/0O1A2000-8x12.jpg 8w, https:\/\/analyse-schmitt-kollektiv.de\/wp-content\/uploads\/2025\/09\/0O1A2000-1001x1500.jpg 1001w, https:\/\/analyse-schmitt-kollektiv.de\/wp-content\/uploads\/2025\/09\/0O1A2000-470x705.jpg 470w, https:\/\/analyse-schmitt-kollektiv.de\/wp-content\/uploads\/2025\/09\/0O1A2000-scaled.jpg 1708w\" data-sizes=\"(max-width: 687px) 100vw, 687px\"  aria-label=\"image \u00a9 Chris Fr\u00fche, Badisches Staatstheater Karlsruhe\"  id='av-masonry-1-item-561' data-av-masonry-item='561' class='av-masonry-entry isotope-item post-561 attachment type-attachment status-inherit hentry  av-masonry-item-with-image' title=\"\u00a9 Chris Fr\u00fche, Badisches Staatstheater Karlsruhe\" alt=\"\"    itemprop=\"thumbnailUrl\" ><div class='av-inner-masonry-sizer'><\/div><figure class='av-inner-masonry main_color'><div class=\"av-masonry-outerimage-container\"><div class='av-masonry-image-container'   ><img decoding=\"async\" width=\"470\" height=\"705\" fetchpriority=\"high\" class=\"wp-image-561 avia-img-lazy-loading-not-561\"  src=\"https:\/\/analyse-schmitt-kollektiv.de\/wp-content\/uploads\/2025\/09\/0O1A2000-470x705.jpg\" title=\"\u00a9 Chris Fr\u00fche, Badisches Staatstheater Karlsruhe\" alt=\"\" srcset=\"https:\/\/analyse-schmitt-kollektiv.de\/wp-content\/uploads\/2025\/09\/0O1A2000-470x705.jpg 470w, https:\/\/analyse-schmitt-kollektiv.de\/wp-content\/uploads\/2025\/09\/0O1A2000-200x300.jpg 200w, https:\/\/analyse-schmitt-kollektiv.de\/wp-content\/uploads\/2025\/09\/0O1A2000-687x1030.jpg 687w, https:\/\/analyse-schmitt-kollektiv.de\/wp-content\/uploads\/2025\/09\/0O1A2000-768x1151.jpg 768w, https:\/\/analyse-schmitt-kollektiv.de\/wp-content\/uploads\/2025\/09\/0O1A2000-1025x1536.jpg 1025w, https:\/\/analyse-schmitt-kollektiv.de\/wp-content\/uploads\/2025\/09\/0O1A2000-1366x2048.jpg 1366w, https:\/\/analyse-schmitt-kollektiv.de\/wp-content\/uploads\/2025\/09\/0O1A2000-8x12.jpg 8w, https:\/\/analyse-schmitt-kollektiv.de\/wp-content\/uploads\/2025\/09\/0O1A2000-1001x1500.jpg 1001w, https:\/\/analyse-schmitt-kollektiv.de\/wp-content\/uploads\/2025\/09\/0O1A2000-scaled.jpg 1708w\" sizes=\"(max-width: 470px) 100vw, 470px\" \/><\/div><\/div><\/figure><\/a><!--end av-masonry entry--><a href=\"https:\/\/analyse-schmitt-kollektiv.de\/wp-content\/uploads\/2025\/09\/0O1A2163-1030x687.jpg\" data-srcset=\"https:\/\/analyse-schmitt-kollektiv.de\/wp-content\/uploads\/2025\/09\/0O1A2163-1030x687.jpg 1030w, https:\/\/analyse-schmitt-kollektiv.de\/wp-content\/uploads\/2025\/09\/0O1A2163-300x200.jpg 300w, https:\/\/analyse-schmitt-kollektiv.de\/wp-content\/uploads\/2025\/09\/0O1A2163-768x512.jpg 768w, https:\/\/analyse-schmitt-kollektiv.de\/wp-content\/uploads\/2025\/09\/0O1A2163-1536x1025.jpg 1536w, https:\/\/analyse-schmitt-kollektiv.de\/wp-content\/uploads\/2025\/09\/0O1A2163-2048x1366.jpg 2048w, https:\/\/analyse-schmitt-kollektiv.de\/wp-content\/uploads\/2025\/09\/0O1A2163-18x12.jpg 18w, https:\/\/analyse-schmitt-kollektiv.de\/wp-content\/uploads\/2025\/09\/0O1A2163-1500x1001.jpg 1500w, https:\/\/analyse-schmitt-kollektiv.de\/wp-content\/uploads\/2025\/09\/0O1A2163-705x470.jpg 705w\" data-sizes=\"(max-width: 1030px) 100vw, 1030px\"  aria-label=\"image \u00a9 Chris Fr\u00fche, Badisches Staatstheater Karlsruhe\"  id='av-masonry-1-item-547' data-av-masonry-item='547' class='av-masonry-entry isotope-item post-547 attachment type-attachment status-inherit hentry  av-masonry-item-with-image' title=\"\u00a9 Chris Fr\u00fche, Badisches Staatstheater Karlsruhe\" alt=\"\"    itemprop=\"thumbnailUrl\" ><div class='av-inner-masonry-sizer'><\/div><figure class='av-inner-masonry main_color'><div class=\"av-masonry-outerimage-container\"><div class='av-masonry-image-container'   ><img decoding=\"async\" width=\"705\" height=\"470\" fetchpriority=\"high\" class=\"wp-image-547 avia-img-lazy-loading-not-547\"  src=\"https:\/\/analyse-schmitt-kollektiv.de\/wp-content\/uploads\/2025\/09\/0O1A2163-705x470.jpg\" title=\"\u00a9 Chris Fr\u00fche, Badisches Staatstheater Karlsruhe\" alt=\"\" srcset=\"https:\/\/analyse-schmitt-kollektiv.de\/wp-content\/uploads\/2025\/09\/0O1A2163-705x470.jpg 705w, https:\/\/analyse-schmitt-kollektiv.de\/wp-content\/uploads\/2025\/09\/0O1A2163-300x200.jpg 300w, https:\/\/analyse-schmitt-kollektiv.de\/wp-content\/uploads\/2025\/09\/0O1A2163-1030x687.jpg 1030w, https:\/\/analyse-schmitt-kollektiv.de\/wp-content\/uploads\/2025\/09\/0O1A2163-768x512.jpg 768w, https:\/\/analyse-schmitt-kollektiv.de\/wp-content\/uploads\/2025\/09\/0O1A2163-1536x1025.jpg 1536w, https:\/\/analyse-schmitt-kollektiv.de\/wp-content\/uploads\/2025\/09\/0O1A2163-2048x1366.jpg 2048w, https:\/\/analyse-schmitt-kollektiv.de\/wp-content\/uploads\/2025\/09\/0O1A2163-18x12.jpg 18w, https:\/\/analyse-schmitt-kollektiv.de\/wp-content\/uploads\/2025\/09\/0O1A2163-1500x1001.jpg 1500w\" sizes=\"(max-width: 705px) 100vw, 705px\" \/><\/div><\/div><\/figure><\/a><!--end av-masonry entry--><a href=\"https:\/\/analyse-schmitt-kollektiv.de\/wp-content\/uploads\/2025\/09\/0O1A2100-1030x687.jpg\" data-srcset=\"https:\/\/analyse-schmitt-kollektiv.de\/wp-content\/uploads\/2025\/09\/0O1A2100-1030x687.jpg 1030w, https:\/\/analyse-schmitt-kollektiv.de\/wp-content\/uploads\/2025\/09\/0O1A2100-300x200.jpg 300w, https:\/\/analyse-schmitt-kollektiv.de\/wp-content\/uploads\/2025\/09\/0O1A2100-768x512.jpg 768w, https:\/\/analyse-schmitt-kollektiv.de\/wp-content\/uploads\/2025\/09\/0O1A2100-1536x1025.jpg 1536w, https:\/\/analyse-schmitt-kollektiv.de\/wp-content\/uploads\/2025\/09\/0O1A2100-2048x1366.jpg 2048w, https:\/\/analyse-schmitt-kollektiv.de\/wp-content\/uploads\/2025\/09\/0O1A2100-18x12.jpg 18w, https:\/\/analyse-schmitt-kollektiv.de\/wp-content\/uploads\/2025\/09\/0O1A2100-1500x1001.jpg 1500w, https:\/\/analyse-schmitt-kollektiv.de\/wp-content\/uploads\/2025\/09\/0O1A2100-705x470.jpg 705w\" data-sizes=\"(max-width: 1030px) 100vw, 1030px\"  aria-label=\"image \u00a9 Chris Fr\u00fche, Badisches Staatstheater Karlsruhe\"  id='av-masonry-1-item-554' data-av-masonry-item='554' class='av-masonry-entry isotope-item post-554 attachment type-attachment status-inherit hentry  av-masonry-item-with-image' title=\"\u00a9 Chris Fr\u00fche, Badisches Staatstheater Karlsruhe\" alt=\"\"    itemprop=\"thumbnailUrl\" ><div class='av-inner-masonry-sizer'><\/div><figure class='av-inner-masonry main_color'><div class=\"av-masonry-outerimage-container\"><div class='av-masonry-image-container'   ><img decoding=\"async\" width=\"705\" height=\"470\" fetchpriority=\"high\" class=\"wp-image-554 avia-img-lazy-loading-not-554\"  src=\"https:\/\/analyse-schmitt-kollektiv.de\/wp-content\/uploads\/2025\/09\/0O1A2100-705x470.jpg\" title=\"\u00a9 Chris Fr\u00fche, Badisches Staatstheater Karlsruhe\" alt=\"\" srcset=\"https:\/\/analyse-schmitt-kollektiv.de\/wp-content\/uploads\/2025\/09\/0O1A2100-705x470.jpg 705w, https:\/\/analyse-schmitt-kollektiv.de\/wp-content\/uploads\/2025\/09\/0O1A2100-300x200.jpg 300w, https:\/\/analyse-schmitt-kollektiv.de\/wp-content\/uploads\/2025\/09\/0O1A2100-1030x687.jpg 1030w, https:\/\/analyse-schmitt-kollektiv.de\/wp-content\/uploads\/2025\/09\/0O1A2100-768x512.jpg 768w, https:\/\/analyse-schmitt-kollektiv.de\/wp-content\/uploads\/2025\/09\/0O1A2100-1536x1025.jpg 1536w, https:\/\/analyse-schmitt-kollektiv.de\/wp-content\/uploads\/2025\/09\/0O1A2100-2048x1366.jpg 2048w, https:\/\/analyse-schmitt-kollektiv.de\/wp-content\/uploads\/2025\/09\/0O1A2100-18x12.jpg 18w, https:\/\/analyse-schmitt-kollektiv.de\/wp-content\/uploads\/2025\/09\/0O1A2100-1500x1001.jpg 1500w\" sizes=\"(max-width: 705px) 100vw, 705px\" \/><\/div><\/div><\/figure><\/a><!--end av-masonry entry--><a href=\"https:\/\/analyse-schmitt-kollektiv.de\/wp-content\/uploads\/2025\/09\/0O1A2131-1030x687.jpg\" data-srcset=\"https:\/\/analyse-schmitt-kollektiv.de\/wp-content\/uploads\/2025\/09\/0O1A2131-1030x687.jpg 1030w, https:\/\/analyse-schmitt-kollektiv.de\/wp-content\/uploads\/2025\/09\/0O1A2131-300x200.jpg 300w, https:\/\/analyse-schmitt-kollektiv.de\/wp-content\/uploads\/2025\/09\/0O1A2131-768x512.jpg 768w, https:\/\/analyse-schmitt-kollektiv.de\/wp-content\/uploads\/2025\/09\/0O1A2131-1536x1025.jpg 1536w, https:\/\/analyse-schmitt-kollektiv.de\/wp-content\/uploads\/2025\/09\/0O1A2131-2048x1366.jpg 2048w, https:\/\/analyse-schmitt-kollektiv.de\/wp-content\/uploads\/2025\/09\/0O1A2131-18x12.jpg 18w, https:\/\/analyse-schmitt-kollektiv.de\/wp-content\/uploads\/2025\/09\/0O1A2131-1500x1001.jpg 1500w, https:\/\/analyse-schmitt-kollektiv.de\/wp-content\/uploads\/2025\/09\/0O1A2131-705x470.jpg 705w\" data-sizes=\"(max-width: 1030px) 100vw, 1030px\"  aria-label=\"image \u00a9 Chris Fr\u00fche, Badisches Staatstheater Karlsruhe\"  id='av-masonry-1-item-552' data-av-masonry-item='552' class='av-masonry-entry isotope-item post-552 attachment type-attachment status-inherit hentry  av-masonry-item-with-image' title=\"\u00a9 Chris Fr\u00fche, Badisches Staatstheater Karlsruhe\" alt=\"\"    itemprop=\"thumbnailUrl\" ><div class='av-inner-masonry-sizer'><\/div><figure class='av-inner-masonry main_color'><div class=\"av-masonry-outerimage-container\"><div class='av-masonry-image-container'   ><img decoding=\"async\" width=\"705\" height=\"470\" fetchpriority=\"high\" class=\"wp-image-552 avia-img-lazy-loading-not-552\"  src=\"https:\/\/analyse-schmitt-kollektiv.de\/wp-content\/uploads\/2025\/09\/0O1A2131-705x470.jpg\" title=\"\u00a9 Chris Fr\u00fche, Badisches Staatstheater Karlsruhe\" alt=\"\" srcset=\"https:\/\/analyse-schmitt-kollektiv.de\/wp-content\/uploads\/2025\/09\/0O1A2131-705x470.jpg 705w, https:\/\/analyse-schmitt-kollektiv.de\/wp-content\/uploads\/2025\/09\/0O1A2131-300x200.jpg 300w, https:\/\/analyse-schmitt-kollektiv.de\/wp-content\/uploads\/2025\/09\/0O1A2131-1030x687.jpg 1030w, https:\/\/analyse-schmitt-kollektiv.de\/wp-content\/uploads\/2025\/09\/0O1A2131-768x512.jpg 768w, https:\/\/analyse-schmitt-kollektiv.de\/wp-content\/uploads\/2025\/09\/0O1A2131-1536x1025.jpg 1536w, https:\/\/analyse-schmitt-kollektiv.de\/wp-content\/uploads\/2025\/09\/0O1A2131-2048x1366.jpg 2048w, https:\/\/analyse-schmitt-kollektiv.de\/wp-content\/uploads\/2025\/09\/0O1A2131-18x12.jpg 18w, https:\/\/analyse-schmitt-kollektiv.de\/wp-content\/uploads\/2025\/09\/0O1A2131-1500x1001.jpg 1500w\" sizes=\"(max-width: 705px) 100vw, 705px\" \/><\/div><\/div><\/figure><\/a><!--end av-masonry entry--><a href=\"https:\/\/analyse-schmitt-kollektiv.de\/wp-content\/uploads\/2025\/09\/0O1A2154-1030x687.jpg\" data-srcset=\"https:\/\/analyse-schmitt-kollektiv.de\/wp-content\/uploads\/2025\/09\/0O1A2154-1030x687.jpg 1030w, https:\/\/analyse-schmitt-kollektiv.de\/wp-content\/uploads\/2025\/09\/0O1A2154-300x200.jpg 300w, https:\/\/analyse-schmitt-kollektiv.de\/wp-content\/uploads\/2025\/09\/0O1A2154-768x512.jpg 768w, https:\/\/analyse-schmitt-kollektiv.de\/wp-content\/uploads\/2025\/09\/0O1A2154-1536x1025.jpg 1536w, https:\/\/analyse-schmitt-kollektiv.de\/wp-content\/uploads\/2025\/09\/0O1A2154-2048x1366.jpg 2048w, https:\/\/analyse-schmitt-kollektiv.de\/wp-content\/uploads\/2025\/09\/0O1A2154-18x12.jpg 18w, https:\/\/analyse-schmitt-kollektiv.de\/wp-content\/uploads\/2025\/09\/0O1A2154-1500x1001.jpg 1500w, https:\/\/analyse-schmitt-kollektiv.de\/wp-content\/uploads\/2025\/09\/0O1A2154-705x470.jpg 705w\" data-sizes=\"(max-width: 1030px) 100vw, 1030px\"  aria-label=\"image \u00a9 Chris Fr\u00fche, Badisches Staatstheater Karlsruhe\"  id='av-masonry-1-item-549' data-av-masonry-item='549' class='av-masonry-entry isotope-item post-549 attachment type-attachment status-inherit hentry  av-masonry-item-with-image' title=\"\u00a9 Chris Fr\u00fche, Badisches Staatstheater Karlsruhe\" alt=\"\"    itemprop=\"thumbnailUrl\" ><div class='av-inner-masonry-sizer'><\/div><figure class='av-inner-masonry main_color'><div class=\"av-masonry-outerimage-container\"><div class='av-masonry-image-container'   ><img decoding=\"async\" width=\"705\" height=\"470\" fetchpriority=\"high\" class=\"wp-image-549 avia-img-lazy-loading-not-549\"  src=\"https:\/\/analyse-schmitt-kollektiv.de\/wp-content\/uploads\/2025\/09\/0O1A2154-705x470.jpg\" title=\"\u00a9 Chris Fr\u00fche, Badisches Staatstheater Karlsruhe\" alt=\"\" srcset=\"https:\/\/analyse-schmitt-kollektiv.de\/wp-content\/uploads\/2025\/09\/0O1A2154-705x470.jpg 705w, https:\/\/analyse-schmitt-kollektiv.de\/wp-content\/uploads\/2025\/09\/0O1A2154-300x200.jpg 300w, https:\/\/analyse-schmitt-kollektiv.de\/wp-content\/uploads\/2025\/09\/0O1A2154-1030x687.jpg 1030w, https:\/\/analyse-schmitt-kollektiv.de\/wp-content\/uploads\/2025\/09\/0O1A2154-768x512.jpg 768w, https:\/\/analyse-schmitt-kollektiv.de\/wp-content\/uploads\/2025\/09\/0O1A2154-1536x1025.jpg 1536w, https:\/\/analyse-schmitt-kollektiv.de\/wp-content\/uploads\/2025\/09\/0O1A2154-2048x1366.jpg 2048w, https:\/\/analyse-schmitt-kollektiv.de\/wp-content\/uploads\/2025\/09\/0O1A2154-18x12.jpg 18w, https:\/\/analyse-schmitt-kollektiv.de\/wp-content\/uploads\/2025\/09\/0O1A2154-1500x1001.jpg 1500w\" sizes=\"(max-width: 705px) 100vw, 705px\" \/><\/div><\/div><\/figure><\/a><!--end av-masonry entry--><a href=\"https:\/\/analyse-schmitt-kollektiv.de\/wp-content\/uploads\/2025\/09\/0O1A1889-687x1030.jpg\" data-srcset=\"https:\/\/analyse-schmitt-kollektiv.de\/wp-content\/uploads\/2025\/09\/0O1A1889-687x1030.jpg 687w, https:\/\/analyse-schmitt-kollektiv.de\/wp-content\/uploads\/2025\/09\/0O1A1889-200x300.jpg 200w, https:\/\/analyse-schmitt-kollektiv.de\/wp-content\/uploads\/2025\/09\/0O1A1889-768x1151.jpg 768w, https:\/\/analyse-schmitt-kollektiv.de\/wp-content\/uploads\/2025\/09\/0O1A1889-1025x1536.jpg 1025w, https:\/\/analyse-schmitt-kollektiv.de\/wp-content\/uploads\/2025\/09\/0O1A1889-1366x2048.jpg 1366w, https:\/\/analyse-schmitt-kollektiv.de\/wp-content\/uploads\/2025\/09\/0O1A1889-8x12.jpg 8w, https:\/\/analyse-schmitt-kollektiv.de\/wp-content\/uploads\/2025\/09\/0O1A1889-1001x1500.jpg 1001w, https:\/\/analyse-schmitt-kollektiv.de\/wp-content\/uploads\/2025\/09\/0O1A1889-470x705.jpg 470w, https:\/\/analyse-schmitt-kollektiv.de\/wp-content\/uploads\/2025\/09\/0O1A1889-scaled.jpg 1708w\" data-sizes=\"(max-width: 687px) 100vw, 687px\"  aria-label=\"image \u00a9 Chris Fr\u00fche, Badisches Staatstheater Karlsruhe\"  id='av-masonry-1-item-564' data-av-masonry-item='564' class='av-masonry-entry isotope-item post-564 attachment type-attachment status-inherit hentry  av-masonry-item-with-image' title=\"\u00a9 Chris Fr\u00fche, Badisches Staatstheater Karlsruhe\" alt=\"\"    itemprop=\"thumbnailUrl\" ><div class='av-inner-masonry-sizer'><\/div><figure class='av-inner-masonry main_color'><div class=\"av-masonry-outerimage-container\"><div class='av-masonry-image-container'   ><img decoding=\"async\" width=\"470\" height=\"705\" fetchpriority=\"high\" class=\"wp-image-564 avia-img-lazy-loading-not-564\"  src=\"https:\/\/analyse-schmitt-kollektiv.de\/wp-content\/uploads\/2025\/09\/0O1A1889-470x705.jpg\" title=\"\u00a9 Chris Fr\u00fche, Badisches Staatstheater Karlsruhe\" alt=\"\" srcset=\"https:\/\/analyse-schmitt-kollektiv.de\/wp-content\/uploads\/2025\/09\/0O1A1889-470x705.jpg 470w, https:\/\/analyse-schmitt-kollektiv.de\/wp-content\/uploads\/2025\/09\/0O1A1889-200x300.jpg 200w, https:\/\/analyse-schmitt-kollektiv.de\/wp-content\/uploads\/2025\/09\/0O1A1889-687x1030.jpg 687w, https:\/\/analyse-schmitt-kollektiv.de\/wp-content\/uploads\/2025\/09\/0O1A1889-768x1151.jpg 768w, https:\/\/analyse-schmitt-kollektiv.de\/wp-content\/uploads\/2025\/09\/0O1A1889-1025x1536.jpg 1025w, https:\/\/analyse-schmitt-kollektiv.de\/wp-content\/uploads\/2025\/09\/0O1A1889-1366x2048.jpg 1366w, https:\/\/analyse-schmitt-kollektiv.de\/wp-content\/uploads\/2025\/09\/0O1A1889-8x12.jpg 8w, https:\/\/analyse-schmitt-kollektiv.de\/wp-content\/uploads\/2025\/09\/0O1A1889-1001x1500.jpg 1001w, https:\/\/analyse-schmitt-kollektiv.de\/wp-content\/uploads\/2025\/09\/0O1A1889-scaled.jpg 1708w\" sizes=\"(max-width: 470px) 100vw, 470px\" \/><\/div><\/div><\/figure><\/a><!--end av-masonry entry--><a href=\"https:\/\/analyse-schmitt-kollektiv.de\/wp-content\/uploads\/2025\/09\/0O1A2001-1030x687.jpg\" data-srcset=\"https:\/\/analyse-schmitt-kollektiv.de\/wp-content\/uploads\/2025\/09\/0O1A2001-1030x687.jpg 1030w, https:\/\/analyse-schmitt-kollektiv.de\/wp-content\/uploads\/2025\/09\/0O1A2001-300x200.jpg 300w, https:\/\/analyse-schmitt-kollektiv.de\/wp-content\/uploads\/2025\/09\/0O1A2001-768x512.jpg 768w, https:\/\/analyse-schmitt-kollektiv.de\/wp-content\/uploads\/2025\/09\/0O1A2001-1536x1025.jpg 1536w, https:\/\/analyse-schmitt-kollektiv.de\/wp-content\/uploads\/2025\/09\/0O1A2001-2048x1366.jpg 2048w, https:\/\/analyse-schmitt-kollektiv.de\/wp-content\/uploads\/2025\/09\/0O1A2001-18x12.jpg 18w, https:\/\/analyse-schmitt-kollektiv.de\/wp-content\/uploads\/2025\/09\/0O1A2001-1500x1001.jpg 1500w, https:\/\/analyse-schmitt-kollektiv.de\/wp-content\/uploads\/2025\/09\/0O1A2001-705x470.jpg 705w\" data-sizes=\"(max-width: 1030px) 100vw, 1030px\"  aria-label=\"image \u00a9 Chris Fr\u00fche, Badisches Staatstheater Karlsruhe\"  id='av-masonry-1-item-560' data-av-masonry-item='560' class='av-masonry-entry isotope-item post-560 attachment type-attachment status-inherit hentry  av-masonry-item-with-image' title=\"\u00a9 Chris Fr\u00fche, Badisches Staatstheater Karlsruhe\" alt=\"\"    itemprop=\"thumbnailUrl\" ><div class='av-inner-masonry-sizer'><\/div><figure class='av-inner-masonry main_color'><div class=\"av-masonry-outerimage-container\"><div class='av-masonry-image-container'   ><img decoding=\"async\" width=\"705\" height=\"470\" fetchpriority=\"high\" class=\"wp-image-560 avia-img-lazy-loading-not-560\"  src=\"https:\/\/analyse-schmitt-kollektiv.de\/wp-content\/uploads\/2025\/09\/0O1A2001-705x470.jpg\" title=\"\u00a9 Chris Fr\u00fche, Badisches Staatstheater Karlsruhe\" alt=\"\" srcset=\"https:\/\/analyse-schmitt-kollektiv.de\/wp-content\/uploads\/2025\/09\/0O1A2001-705x470.jpg 705w, https:\/\/analyse-schmitt-kollektiv.de\/wp-content\/uploads\/2025\/09\/0O1A2001-300x200.jpg 300w, https:\/\/analyse-schmitt-kollektiv.de\/wp-content\/uploads\/2025\/09\/0O1A2001-1030x687.jpg 1030w, https:\/\/analyse-schmitt-kollektiv.de\/wp-content\/uploads\/2025\/09\/0O1A2001-768x512.jpg 768w, https:\/\/analyse-schmitt-kollektiv.de\/wp-content\/uploads\/2025\/09\/0O1A2001-1536x1025.jpg 1536w, https:\/\/analyse-schmitt-kollektiv.de\/wp-content\/uploads\/2025\/09\/0O1A2001-2048x1366.jpg 2048w, https:\/\/analyse-schmitt-kollektiv.de\/wp-content\/uploads\/2025\/09\/0O1A2001-18x12.jpg 18w, https:\/\/analyse-schmitt-kollektiv.de\/wp-content\/uploads\/2025\/09\/0O1A2001-1500x1001.jpg 1500w\" sizes=\"(max-width: 705px) 100vw, 705px\" \/><\/div><\/div><\/figure><\/a><!--end av-masonry entry--><a href=\"https:\/\/analyse-schmitt-kollektiv.de\/wp-content\/uploads\/2025\/09\/0O1A2147_2-1030x687.jpg\" data-srcset=\"https:\/\/analyse-schmitt-kollektiv.de\/wp-content\/uploads\/2025\/09\/0O1A2147_2-1030x687.jpg 1030w, https:\/\/analyse-schmitt-kollektiv.de\/wp-content\/uploads\/2025\/09\/0O1A2147_2-300x200.jpg 300w, https:\/\/analyse-schmitt-kollektiv.de\/wp-content\/uploads\/2025\/09\/0O1A2147_2-768x512.jpg 768w, https:\/\/analyse-schmitt-kollektiv.de\/wp-content\/uploads\/2025\/09\/0O1A2147_2-1536x1025.jpg 1536w, https:\/\/analyse-schmitt-kollektiv.de\/wp-content\/uploads\/2025\/09\/0O1A2147_2-2048x1366.jpg 2048w, https:\/\/analyse-schmitt-kollektiv.de\/wp-content\/uploads\/2025\/09\/0O1A2147_2-18x12.jpg 18w, https:\/\/analyse-schmitt-kollektiv.de\/wp-content\/uploads\/2025\/09\/0O1A2147_2-1500x1001.jpg 1500w, https:\/\/analyse-schmitt-kollektiv.de\/wp-content\/uploads\/2025\/09\/0O1A2147_2-705x470.jpg 705w\" data-sizes=\"(max-width: 1030px) 100vw, 1030px\"  aria-label=\"image \u00a9 Chris Fr\u00fche, Badisches Staatstheater Karlsruhe\"  id='av-masonry-1-item-551' data-av-masonry-item='551' class='av-masonry-entry isotope-item post-551 attachment type-attachment status-inherit hentry  av-masonry-item-with-image' title=\"\u00a9 Chris Fr\u00fche, Badisches Staatstheater Karlsruhe\" alt=\"\"    itemprop=\"thumbnailUrl\" ><div class='av-inner-masonry-sizer'><\/div><figure class='av-inner-masonry main_color'><div class=\"av-masonry-outerimage-container\"><div class='av-masonry-image-container'   ><img decoding=\"async\" width=\"705\" height=\"470\" fetchpriority=\"high\" class=\"wp-image-551 avia-img-lazy-loading-not-551\"  src=\"https:\/\/analyse-schmitt-kollektiv.de\/wp-content\/uploads\/2025\/09\/0O1A2147_2-705x470.jpg\" title=\"\u00a9 Chris Fr\u00fche, Badisches Staatstheater Karlsruhe\" alt=\"\" srcset=\"https:\/\/analyse-schmitt-kollektiv.de\/wp-content\/uploads\/2025\/09\/0O1A2147_2-705x470.jpg 705w, https:\/\/analyse-schmitt-kollektiv.de\/wp-content\/uploads\/2025\/09\/0O1A2147_2-300x200.jpg 300w, https:\/\/analyse-schmitt-kollektiv.de\/wp-content\/uploads\/2025\/09\/0O1A2147_2-1030x687.jpg 1030w, https:\/\/analyse-schmitt-kollektiv.de\/wp-content\/uploads\/2025\/09\/0O1A2147_2-768x512.jpg 768w, https:\/\/analyse-schmitt-kollektiv.de\/wp-content\/uploads\/2025\/09\/0O1A2147_2-1536x1025.jpg 1536w, https:\/\/analyse-schmitt-kollektiv.de\/wp-content\/uploads\/2025\/09\/0O1A2147_2-2048x1366.jpg 2048w, https:\/\/analyse-schmitt-kollektiv.de\/wp-content\/uploads\/2025\/09\/0O1A2147_2-18x12.jpg 18w, https:\/\/analyse-schmitt-kollektiv.de\/wp-content\/uploads\/2025\/09\/0O1A2147_2-1500x1001.jpg 1500w\" sizes=\"(max-width: 705px) 100vw, 705px\" \/><\/div><\/div><\/figure><\/a><!--end av-masonry entry--><a href=\"https:\/\/analyse-schmitt-kollektiv.de\/wp-content\/uploads\/2025\/09\/0O1A2043-1030x687.jpg\" data-srcset=\"https:\/\/analyse-schmitt-kollektiv.de\/wp-content\/uploads\/2025\/09\/0O1A2043-1030x687.jpg 1030w, https:\/\/analyse-schmitt-kollektiv.de\/wp-content\/uploads\/2025\/09\/0O1A2043-300x200.jpg 300w, https:\/\/analyse-schmitt-kollektiv.de\/wp-content\/uploads\/2025\/09\/0O1A2043-768x512.jpg 768w, https:\/\/analyse-schmitt-kollektiv.de\/wp-content\/uploads\/2025\/09\/0O1A2043-1536x1025.jpg 1536w, https:\/\/analyse-schmitt-kollektiv.de\/wp-content\/uploads\/2025\/09\/0O1A2043-2048x1366.jpg 2048w, https:\/\/analyse-schmitt-kollektiv.de\/wp-content\/uploads\/2025\/09\/0O1A2043-18x12.jpg 18w, https:\/\/analyse-schmitt-kollektiv.de\/wp-content\/uploads\/2025\/09\/0O1A2043-1500x1001.jpg 1500w, https:\/\/analyse-schmitt-kollektiv.de\/wp-content\/uploads\/2025\/09\/0O1A2043-705x470.jpg 705w\" data-sizes=\"(max-width: 1030px) 100vw, 1030px\"  aria-label=\"image \u00a9 Chris Fr\u00fche, Badisches Staatstheater Karlsruhe\"  id='av-masonry-1-item-557' data-av-masonry-item='557' class='av-masonry-entry isotope-item post-557 attachment type-attachment status-inherit hentry  av-masonry-item-with-image' title=\"\u00a9 Chris Fr\u00fche, Badisches Staatstheater Karlsruhe\" alt=\"\"    itemprop=\"thumbnailUrl\" ><div class='av-inner-masonry-sizer'><\/div><figure class='av-inner-masonry main_color'><div class=\"av-masonry-outerimage-container\"><div class='av-masonry-image-container'   ><img decoding=\"async\" width=\"705\" height=\"470\" fetchpriority=\"high\" class=\"wp-image-557 avia-img-lazy-loading-not-557\"  src=\"https:\/\/analyse-schmitt-kollektiv.de\/wp-content\/uploads\/2025\/09\/0O1A2043-705x470.jpg\" title=\"\u00a9 Chris Fr\u00fche, Badisches Staatstheater Karlsruhe\" alt=\"\" srcset=\"https:\/\/analyse-schmitt-kollektiv.de\/wp-content\/uploads\/2025\/09\/0O1A2043-705x470.jpg 705w, https:\/\/analyse-schmitt-kollektiv.de\/wp-content\/uploads\/2025\/09\/0O1A2043-300x200.jpg 300w, https:\/\/analyse-schmitt-kollektiv.de\/wp-content\/uploads\/2025\/09\/0O1A2043-1030x687.jpg 1030w, https:\/\/analyse-schmitt-kollektiv.de\/wp-content\/uploads\/2025\/09\/0O1A2043-768x512.jpg 768w, https:\/\/analyse-schmitt-kollektiv.de\/wp-content\/uploads\/2025\/09\/0O1A2043-1536x1025.jpg 1536w, https:\/\/analyse-schmitt-kollektiv.de\/wp-content\/uploads\/2025\/09\/0O1A2043-2048x1366.jpg 2048w, https:\/\/analyse-schmitt-kollektiv.de\/wp-content\/uploads\/2025\/09\/0O1A2043-18x12.jpg 18w, https:\/\/analyse-schmitt-kollektiv.de\/wp-content\/uploads\/2025\/09\/0O1A2043-1500x1001.jpg 1500w\" sizes=\"(max-width: 705px) 100vw, 705px\" \/><\/div><\/div><\/figure><\/a><!--end av-masonry entry--><a href=\"https:\/\/analyse-schmitt-kollektiv.de\/wp-content\/uploads\/2025\/09\/0O1A2209-1030x687.jpg\" data-srcset=\"https:\/\/analyse-schmitt-kollektiv.de\/wp-content\/uploads\/2025\/09\/0O1A2209-1030x687.jpg 1030w, https:\/\/analyse-schmitt-kollektiv.de\/wp-content\/uploads\/2025\/09\/0O1A2209-300x200.jpg 300w, https:\/\/analyse-schmitt-kollektiv.de\/wp-content\/uploads\/2025\/09\/0O1A2209-768x512.jpg 768w, https:\/\/analyse-schmitt-kollektiv.de\/wp-content\/uploads\/2025\/09\/0O1A2209-1536x1025.jpg 1536w, https:\/\/analyse-schmitt-kollektiv.de\/wp-content\/uploads\/2025\/09\/0O1A2209-2048x1366.jpg 2048w, https:\/\/analyse-schmitt-kollektiv.de\/wp-content\/uploads\/2025\/09\/0O1A2209-18x12.jpg 18w, https:\/\/analyse-schmitt-kollektiv.de\/wp-content\/uploads\/2025\/09\/0O1A2209-1500x1001.jpg 1500w, https:\/\/analyse-schmitt-kollektiv.de\/wp-content\/uploads\/2025\/09\/0O1A2209-705x470.jpg 705w\" data-sizes=\"(max-width: 1030px) 100vw, 1030px\"  aria-label=\"image \u00a9 Chris Fr\u00fche, Badisches Staatstheater Karlsruhe\"  id='av-masonry-1-item-546' data-av-masonry-item='546' class='av-masonry-entry isotope-item post-546 attachment type-attachment status-inherit hentry  av-masonry-item-with-image' title=\"\u00a9 Chris Fr\u00fche, Badisches Staatstheater Karlsruhe\" alt=\"\"    itemprop=\"thumbnailUrl\" ><div class='av-inner-masonry-sizer'><\/div><figure class='av-inner-masonry main_color'><div class=\"av-masonry-outerimage-container\"><div class='av-masonry-image-container'   ><img decoding=\"async\" width=\"705\" height=\"470\" fetchpriority=\"high\" class=\"wp-image-546 avia-img-lazy-loading-not-546\"  src=\"https:\/\/analyse-schmitt-kollektiv.de\/wp-content\/uploads\/2025\/09\/0O1A2209-705x470.jpg\" title=\"\u00a9 Chris Fr\u00fche, Badisches Staatstheater Karlsruhe\" alt=\"\" srcset=\"https:\/\/analyse-schmitt-kollektiv.de\/wp-content\/uploads\/2025\/09\/0O1A2209-705x470.jpg 705w, https:\/\/analyse-schmitt-kollektiv.de\/wp-content\/uploads\/2025\/09\/0O1A2209-300x200.jpg 300w, https:\/\/analyse-schmitt-kollektiv.de\/wp-content\/uploads\/2025\/09\/0O1A2209-1030x687.jpg 1030w, https:\/\/analyse-schmitt-kollektiv.de\/wp-content\/uploads\/2025\/09\/0O1A2209-768x512.jpg 768w, https:\/\/analyse-schmitt-kollektiv.de\/wp-content\/uploads\/2025\/09\/0O1A2209-1536x1025.jpg 1536w, https:\/\/analyse-schmitt-kollektiv.de\/wp-content\/uploads\/2025\/09\/0O1A2209-2048x1366.jpg 2048w, https:\/\/analyse-schmitt-kollektiv.de\/wp-content\/uploads\/2025\/09\/0O1A2209-18x12.jpg 18w, https:\/\/analyse-schmitt-kollektiv.de\/wp-content\/uploads\/2025\/09\/0O1A2209-1500x1001.jpg 1500w\" sizes=\"(max-width: 705px) 100vw, 705px\" \/><\/div><\/div><\/figure><\/a><!--end av-masonry entry--><a href=\"https:\/\/analyse-schmitt-kollektiv.de\/wp-content\/uploads\/2025\/09\/0O1A2293-1030x687.jpg\" data-srcset=\"https:\/\/analyse-schmitt-kollektiv.de\/wp-content\/uploads\/2025\/09\/0O1A2293-1030x687.jpg 1030w, https:\/\/analyse-schmitt-kollektiv.de\/wp-content\/uploads\/2025\/09\/0O1A2293-300x200.jpg 300w, https:\/\/analyse-schmitt-kollektiv.de\/wp-content\/uploads\/2025\/09\/0O1A2293-768x512.jpg 768w, https:\/\/analyse-schmitt-kollektiv.de\/wp-content\/uploads\/2025\/09\/0O1A2293-1536x1025.jpg 1536w, https:\/\/analyse-schmitt-kollektiv.de\/wp-content\/uploads\/2025\/09\/0O1A2293-2048x1366.jpg 2048w, https:\/\/analyse-schmitt-kollektiv.de\/wp-content\/uploads\/2025\/09\/0O1A2293-18x12.jpg 18w, https:\/\/analyse-schmitt-kollektiv.de\/wp-content\/uploads\/2025\/09\/0O1A2293-1500x1001.jpg 1500w, https:\/\/analyse-schmitt-kollektiv.de\/wp-content\/uploads\/2025\/09\/0O1A2293-705x470.jpg 705w\" data-sizes=\"(max-width: 1030px) 100vw, 1030px\"  aria-label=\"image \u00a9 Chris Fr\u00fche, Badisches Staatstheater Karlsruhe\"  id='av-masonry-1-item-542' data-av-masonry-item='542' class='av-masonry-entry isotope-item post-542 attachment type-attachment status-inherit hentry  av-masonry-item-with-image' title=\"\u00a9 Chris Fr\u00fche, Badisches Staatstheater Karlsruhe\" alt=\"\"    itemprop=\"thumbnailUrl\" ><div class='av-inner-masonry-sizer'><\/div><figure class='av-inner-masonry main_color'><div class=\"av-masonry-outerimage-container\"><div class='av-masonry-image-container'   ><img decoding=\"async\" width=\"705\" height=\"470\" fetchpriority=\"high\" class=\"wp-image-542 avia-img-lazy-loading-not-542\"  src=\"https:\/\/analyse-schmitt-kollektiv.de\/wp-content\/uploads\/2025\/09\/0O1A2293-705x470.jpg\" title=\"\u00a9 Chris Fr\u00fche, Badisches Staatstheater Karlsruhe\" alt=\"\" srcset=\"https:\/\/analyse-schmitt-kollektiv.de\/wp-content\/uploads\/2025\/09\/0O1A2293-705x470.jpg 705w, https:\/\/analyse-schmitt-kollektiv.de\/wp-content\/uploads\/2025\/09\/0O1A2293-300x200.jpg 300w, https:\/\/analyse-schmitt-kollektiv.de\/wp-content\/uploads\/2025\/09\/0O1A2293-1030x687.jpg 1030w, https:\/\/analyse-schmitt-kollektiv.de\/wp-content\/uploads\/2025\/09\/0O1A2293-768x512.jpg 768w, https:\/\/analyse-schmitt-kollektiv.de\/wp-content\/uploads\/2025\/09\/0O1A2293-1536x1025.jpg 1536w, https:\/\/analyse-schmitt-kollektiv.de\/wp-content\/uploads\/2025\/09\/0O1A2293-2048x1366.jpg 2048w, https:\/\/analyse-schmitt-kollektiv.de\/wp-content\/uploads\/2025\/09\/0O1A2293-18x12.jpg 18w, https:\/\/analyse-schmitt-kollektiv.de\/wp-content\/uploads\/2025\/09\/0O1A2293-1500x1001.jpg 1500w\" sizes=\"(max-width: 705px) 100vw, 705px\" \/><\/div><\/div><\/figure><\/a><!--end av-masonry entry--><a href=\"https:\/\/analyse-schmitt-kollektiv.de\/wp-content\/uploads\/2025\/09\/0O1A2276-1030x687.jpg\" data-srcset=\"https:\/\/analyse-schmitt-kollektiv.de\/wp-content\/uploads\/2025\/09\/0O1A2276-1030x687.jpg 1030w, https:\/\/analyse-schmitt-kollektiv.de\/wp-content\/uploads\/2025\/09\/0O1A2276-300x200.jpg 300w, https:\/\/analyse-schmitt-kollektiv.de\/wp-content\/uploads\/2025\/09\/0O1A2276-768x512.jpg 768w, https:\/\/analyse-schmitt-kollektiv.de\/wp-content\/uploads\/2025\/09\/0O1A2276-1536x1025.jpg 1536w, https:\/\/analyse-schmitt-kollektiv.de\/wp-content\/uploads\/2025\/09\/0O1A2276-2048x1366.jpg 2048w, https:\/\/analyse-schmitt-kollektiv.de\/wp-content\/uploads\/2025\/09\/0O1A2276-18x12.jpg 18w, https:\/\/analyse-schmitt-kollektiv.de\/wp-content\/uploads\/2025\/09\/0O1A2276-1500x1001.jpg 1500w, https:\/\/analyse-schmitt-kollektiv.de\/wp-content\/uploads\/2025\/09\/0O1A2276-705x470.jpg 705w\" data-sizes=\"(max-width: 1030px) 100vw, 1030px\"  aria-label=\"image \u00a9 Chris Fr\u00fche, Badisches Staatstheater Karlsruhe\"  id='av-masonry-1-item-543' data-av-masonry-item='543' class='av-masonry-entry isotope-item post-543 attachment type-attachment status-inherit hentry  av-masonry-item-with-image' title=\"\u00a9 Chris Fr\u00fche, Badisches Staatstheater Karlsruhe\" alt=\"\"    itemprop=\"thumbnailUrl\" ><div class='av-inner-masonry-sizer'><\/div><figure class='av-inner-masonry main_color'><div class=\"av-masonry-outerimage-container\"><div class='av-masonry-image-container'   ><img decoding=\"async\" width=\"705\" height=\"470\" fetchpriority=\"high\" class=\"wp-image-543 avia-img-lazy-loading-not-543\"  src=\"https:\/\/analyse-schmitt-kollektiv.de\/wp-content\/uploads\/2025\/09\/0O1A2276-705x470.jpg\" title=\"\u00a9 Chris Fr\u00fche, Badisches Staatstheater Karlsruhe\" alt=\"\" srcset=\"https:\/\/analyse-schmitt-kollektiv.de\/wp-content\/uploads\/2025\/09\/0O1A2276-705x470.jpg 705w, https:\/\/analyse-schmitt-kollektiv.de\/wp-content\/uploads\/2025\/09\/0O1A2276-300x200.jpg 300w, https:\/\/analyse-schmitt-kollektiv.de\/wp-content\/uploads\/2025\/09\/0O1A2276-1030x687.jpg 1030w, https:\/\/analyse-schmitt-kollektiv.de\/wp-content\/uploads\/2025\/09\/0O1A2276-768x512.jpg 768w, https:\/\/analyse-schmitt-kollektiv.de\/wp-content\/uploads\/2025\/09\/0O1A2276-1536x1025.jpg 1536w, https:\/\/analyse-schmitt-kollektiv.de\/wp-content\/uploads\/2025\/09\/0O1A2276-2048x1366.jpg 2048w, https:\/\/analyse-schmitt-kollektiv.de\/wp-content\/uploads\/2025\/09\/0O1A2276-18x12.jpg 18w, https:\/\/analyse-schmitt-kollektiv.de\/wp-content\/uploads\/2025\/09\/0O1A2276-1500x1001.jpg 1500w\" sizes=\"(max-width: 705px) 100vw, 705px\" \/><\/div><\/div><\/figure><\/a><!--end av-masonry entry--><a href=\"https:\/\/analyse-schmitt-kollektiv.de\/wp-content\/uploads\/2025\/09\/0O1A2053-1030x687.jpg\" data-srcset=\"https:\/\/analyse-schmitt-kollektiv.de\/wp-content\/uploads\/2025\/09\/0O1A2053-1030x687.jpg 1030w, https:\/\/analyse-schmitt-kollektiv.de\/wp-content\/uploads\/2025\/09\/0O1A2053-300x200.jpg 300w, https:\/\/analyse-schmitt-kollektiv.de\/wp-content\/uploads\/2025\/09\/0O1A2053-768x512.jpg 768w, https:\/\/analyse-schmitt-kollektiv.de\/wp-content\/uploads\/2025\/09\/0O1A2053-1536x1025.jpg 1536w, https:\/\/analyse-schmitt-kollektiv.de\/wp-content\/uploads\/2025\/09\/0O1A2053-2048x1366.jpg 2048w, https:\/\/analyse-schmitt-kollektiv.de\/wp-content\/uploads\/2025\/09\/0O1A2053-18x12.jpg 18w, https:\/\/analyse-schmitt-kollektiv.de\/wp-content\/uploads\/2025\/09\/0O1A2053-1500x1001.jpg 1500w, https:\/\/analyse-schmitt-kollektiv.de\/wp-content\/uploads\/2025\/09\/0O1A2053-705x470.jpg 705w\" data-sizes=\"(max-width: 1030px) 100vw, 1030px\"  aria-label=\"image \u00a9 Chris Fr\u00fche, Badisches Staatstheater Karlsruhe\"  id='av-masonry-1-item-556' data-av-masonry-item='556' class='av-masonry-entry isotope-item post-556 attachment type-attachment status-inherit hentry  av-masonry-item-with-image' title=\"\u00a9 Chris Fr\u00fche, Badisches Staatstheater Karlsruhe\" alt=\"\"    itemprop=\"thumbnailUrl\" ><div class='av-inner-masonry-sizer'><\/div><figure class='av-inner-masonry main_color'><div class=\"av-masonry-outerimage-container\"><div class='av-masonry-image-container'   ><img decoding=\"async\" width=\"705\" height=\"470\" fetchpriority=\"high\" class=\"wp-image-556 avia-img-lazy-loading-not-556\"  src=\"https:\/\/analyse-schmitt-kollektiv.de\/wp-content\/uploads\/2025\/09\/0O1A2053-705x470.jpg\" title=\"\u00a9 Chris Fr\u00fche, Badisches Staatstheater Karlsruhe\" alt=\"\" srcset=\"https:\/\/analyse-schmitt-kollektiv.de\/wp-content\/uploads\/2025\/09\/0O1A2053-705x470.jpg 705w, https:\/\/analyse-schmitt-kollektiv.de\/wp-content\/uploads\/2025\/09\/0O1A2053-300x200.jpg 300w, https:\/\/analyse-schmitt-kollektiv.de\/wp-content\/uploads\/2025\/09\/0O1A2053-1030x687.jpg 1030w, https:\/\/analyse-schmitt-kollektiv.de\/wp-content\/uploads\/2025\/09\/0O1A2053-768x512.jpg 768w, https:\/\/analyse-schmitt-kollektiv.de\/wp-content\/uploads\/2025\/09\/0O1A2053-1536x1025.jpg 1536w, https:\/\/analyse-schmitt-kollektiv.de\/wp-content\/uploads\/2025\/09\/0O1A2053-2048x1366.jpg 2048w, https:\/\/analyse-schmitt-kollektiv.de\/wp-content\/uploads\/2025\/09\/0O1A2053-18x12.jpg 18w, https:\/\/analyse-schmitt-kollektiv.de\/wp-content\/uploads\/2025\/09\/0O1A2053-1500x1001.jpg 1500w\" sizes=\"(max-width: 705px) 100vw, 705px\" \/><\/div><\/div><\/figure><\/a><!--end av-masonry entry--><a href=\"https:\/\/analyse-schmitt-kollektiv.de\/wp-content\/uploads\/2025\/09\/0O1A2027-1030x687.jpg\" data-srcset=\"https:\/\/analyse-schmitt-kollektiv.de\/wp-content\/uploads\/2025\/09\/0O1A2027-1030x687.jpg 1030w, https:\/\/analyse-schmitt-kollektiv.de\/wp-content\/uploads\/2025\/09\/0O1A2027-300x200.jpg 300w, https:\/\/analyse-schmitt-kollektiv.de\/wp-content\/uploads\/2025\/09\/0O1A2027-768x512.jpg 768w, https:\/\/analyse-schmitt-kollektiv.de\/wp-content\/uploads\/2025\/09\/0O1A2027-1536x1025.jpg 1536w, https:\/\/analyse-schmitt-kollektiv.de\/wp-content\/uploads\/2025\/09\/0O1A2027-2048x1366.jpg 2048w, https:\/\/analyse-schmitt-kollektiv.de\/wp-content\/uploads\/2025\/09\/0O1A2027-18x12.jpg 18w, https:\/\/analyse-schmitt-kollektiv.de\/wp-content\/uploads\/2025\/09\/0O1A2027-1500x1001.jpg 1500w, https:\/\/analyse-schmitt-kollektiv.de\/wp-content\/uploads\/2025\/09\/0O1A2027-705x470.jpg 705w\" data-sizes=\"(max-width: 1030px) 100vw, 1030px\"  aria-label=\"image \u00a9 Chris Fr\u00fche, Badisches Staatstheater Karlsruhe\"  id='av-masonry-1-item-558' data-av-masonry-item='558' class='av-masonry-entry isotope-item post-558 attachment type-attachment status-inherit hentry  av-masonry-item-with-image' title=\"\u00a9 Chris Fr\u00fche, Badisches Staatstheater Karlsruhe\" alt=\"\"    itemprop=\"thumbnailUrl\" ><div class='av-inner-masonry-sizer'><\/div><figure class='av-inner-masonry main_color'><div class=\"av-masonry-outerimage-container\"><div class='av-masonry-image-container'   ><img decoding=\"async\" width=\"705\" height=\"470\" fetchpriority=\"high\" class=\"wp-image-558 avia-img-lazy-loading-not-558\"  src=\"https:\/\/analyse-schmitt-kollektiv.de\/wp-content\/uploads\/2025\/09\/0O1A2027-705x470.jpg\" title=\"\u00a9 Chris Fr\u00fche, Badisches Staatstheater Karlsruhe\" alt=\"\" srcset=\"https:\/\/analyse-schmitt-kollektiv.de\/wp-content\/uploads\/2025\/09\/0O1A2027-705x470.jpg 705w, https:\/\/analyse-schmitt-kollektiv.de\/wp-content\/uploads\/2025\/09\/0O1A2027-300x200.jpg 300w, https:\/\/analyse-schmitt-kollektiv.de\/wp-content\/uploads\/2025\/09\/0O1A2027-1030x687.jpg 1030w, https:\/\/analyse-schmitt-kollektiv.de\/wp-content\/uploads\/2025\/09\/0O1A2027-768x512.jpg 768w, https:\/\/analyse-schmitt-kollektiv.de\/wp-content\/uploads\/2025\/09\/0O1A2027-1536x1025.jpg 1536w, https:\/\/analyse-schmitt-kollektiv.de\/wp-content\/uploads\/2025\/09\/0O1A2027-2048x1366.jpg 2048w, https:\/\/analyse-schmitt-kollektiv.de\/wp-content\/uploads\/2025\/09\/0O1A2027-18x12.jpg 18w, https:\/\/analyse-schmitt-kollektiv.de\/wp-content\/uploads\/2025\/09\/0O1A2027-1500x1001.jpg 1500w\" sizes=\"(max-width: 705px) 100vw, 705px\" \/><\/div><\/div><\/figure><\/a><!--end av-masonry entry--><a href=\"https:\/\/analyse-schmitt-kollektiv.de\/wp-content\/uploads\/2025\/09\/0O1A2430-1030x687.jpg\" data-srcset=\"https:\/\/analyse-schmitt-kollektiv.de\/wp-content\/uploads\/2025\/09\/0O1A2430-1030x687.jpg 1030w, https:\/\/analyse-schmitt-kollektiv.de\/wp-content\/uploads\/2025\/09\/0O1A2430-300x200.jpg 300w, https:\/\/analyse-schmitt-kollektiv.de\/wp-content\/uploads\/2025\/09\/0O1A2430-768x512.jpg 768w, https:\/\/analyse-schmitt-kollektiv.de\/wp-content\/uploads\/2025\/09\/0O1A2430-1536x1025.jpg 1536w, https:\/\/analyse-schmitt-kollektiv.de\/wp-content\/uploads\/2025\/09\/0O1A2430-2048x1366.jpg 2048w, https:\/\/analyse-schmitt-kollektiv.de\/wp-content\/uploads\/2025\/09\/0O1A2430-18x12.jpg 18w, https:\/\/analyse-schmitt-kollektiv.de\/wp-content\/uploads\/2025\/09\/0O1A2430-1500x1001.jpg 1500w, https:\/\/analyse-schmitt-kollektiv.de\/wp-content\/uploads\/2025\/09\/0O1A2430-705x470.jpg 705w\" data-sizes=\"(max-width: 1030px) 100vw, 1030px\"  aria-label=\"image \u00a9 Chris Fr\u00fche, Badisches Staatstheater Karlsruhe\"  id='av-masonry-1-item-535' data-av-masonry-item='535' class='av-masonry-entry isotope-item post-535 attachment type-attachment status-inherit hentry  av-masonry-item-with-image' title=\"\u00a9 Chris Fr\u00fche, Badisches Staatstheater Karlsruhe\" alt=\"\"    itemprop=\"thumbnailUrl\" ><div class='av-inner-masonry-sizer'><\/div><figure class='av-inner-masonry main_color'><div class=\"av-masonry-outerimage-container\"><div class='av-masonry-image-container'   ><img decoding=\"async\" width=\"705\" height=\"470\" fetchpriority=\"high\" class=\"wp-image-535 avia-img-lazy-loading-not-535\"  src=\"https:\/\/analyse-schmitt-kollektiv.de\/wp-content\/uploads\/2025\/09\/0O1A2430-705x470.jpg\" title=\"\u00a9 Chris Fr\u00fche, Badisches Staatstheater Karlsruhe\" alt=\"\" srcset=\"https:\/\/analyse-schmitt-kollektiv.de\/wp-content\/uploads\/2025\/09\/0O1A2430-705x470.jpg 705w, https:\/\/analyse-schmitt-kollektiv.de\/wp-content\/uploads\/2025\/09\/0O1A2430-300x200.jpg 300w, https:\/\/analyse-schmitt-kollektiv.de\/wp-content\/uploads\/2025\/09\/0O1A2430-1030x687.jpg 1030w, https:\/\/analyse-schmitt-kollektiv.de\/wp-content\/uploads\/2025\/09\/0O1A2430-768x512.jpg 768w, https:\/\/analyse-schmitt-kollektiv.de\/wp-content\/uploads\/2025\/09\/0O1A2430-1536x1025.jpg 1536w, https:\/\/analyse-schmitt-kollektiv.de\/wp-content\/uploads\/2025\/09\/0O1A2430-2048x1366.jpg 2048w, https:\/\/analyse-schmitt-kollektiv.de\/wp-content\/uploads\/2025\/09\/0O1A2430-18x12.jpg 18w, https:\/\/analyse-schmitt-kollektiv.de\/wp-content\/uploads\/2025\/09\/0O1A2430-1500x1001.jpg 1500w\" sizes=\"(max-width: 705px) 100vw, 705px\" \/><\/div><\/div><\/figure><\/a><!--end av-masonry entry--><a href=\"https:\/\/analyse-schmitt-kollektiv.de\/wp-content\/uploads\/2025\/09\/0O1A2351-1030x687.jpg\" data-srcset=\"https:\/\/analyse-schmitt-kollektiv.de\/wp-content\/uploads\/2025\/09\/0O1A2351-1030x687.jpg 1030w, https:\/\/analyse-schmitt-kollektiv.de\/wp-content\/uploads\/2025\/09\/0O1A2351-300x200.jpg 300w, https:\/\/analyse-schmitt-kollektiv.de\/wp-content\/uploads\/2025\/09\/0O1A2351-768x512.jpg 768w, https:\/\/analyse-schmitt-kollektiv.de\/wp-content\/uploads\/2025\/09\/0O1A2351-1536x1025.jpg 1536w, https:\/\/analyse-schmitt-kollektiv.de\/wp-content\/uploads\/2025\/09\/0O1A2351-2048x1366.jpg 2048w, https:\/\/analyse-schmitt-kollektiv.de\/wp-content\/uploads\/2025\/09\/0O1A2351-18x12.jpg 18w, https:\/\/analyse-schmitt-kollektiv.de\/wp-content\/uploads\/2025\/09\/0O1A2351-1500x1001.jpg 1500w, https:\/\/analyse-schmitt-kollektiv.de\/wp-content\/uploads\/2025\/09\/0O1A2351-705x470.jpg 705w\" data-sizes=\"(max-width: 1030px) 100vw, 1030px\"  aria-label=\"image \u00a9 Chris Fr\u00fche, Badisches Staatstheater Karlsruhe\"  id='av-masonry-1-item-541' data-av-masonry-item='541' class='av-masonry-entry isotope-item post-541 attachment type-attachment status-inherit hentry  av-masonry-item-with-image' title=\"\u00a9 Chris Fr\u00fche, Badisches Staatstheater Karlsruhe\" alt=\"\"    itemprop=\"thumbnailUrl\" ><div class='av-inner-masonry-sizer'><\/div><figure class='av-inner-masonry main_color'><div class=\"av-masonry-outerimage-container\"><div class='av-masonry-image-container'   ><img decoding=\"async\" width=\"705\" height=\"470\" fetchpriority=\"high\" class=\"wp-image-541 avia-img-lazy-loading-not-541\"  src=\"https:\/\/analyse-schmitt-kollektiv.de\/wp-content\/uploads\/2025\/09\/0O1A2351-705x470.jpg\" title=\"\u00a9 Chris Fr\u00fche, Badisches Staatstheater Karlsruhe\" alt=\"\" srcset=\"https:\/\/analyse-schmitt-kollektiv.de\/wp-content\/uploads\/2025\/09\/0O1A2351-705x470.jpg 705w, https:\/\/analyse-schmitt-kollektiv.de\/wp-content\/uploads\/2025\/09\/0O1A2351-300x200.jpg 300w, https:\/\/analyse-schmitt-kollektiv.de\/wp-content\/uploads\/2025\/09\/0O1A2351-1030x687.jpg 1030w, https:\/\/analyse-schmitt-kollektiv.de\/wp-content\/uploads\/2025\/09\/0O1A2351-768x512.jpg 768w, https:\/\/analyse-schmitt-kollektiv.de\/wp-content\/uploads\/2025\/09\/0O1A2351-1536x1025.jpg 1536w, https:\/\/analyse-schmitt-kollektiv.de\/wp-content\/uploads\/2025\/09\/0O1A2351-2048x1366.jpg 2048w, https:\/\/analyse-schmitt-kollektiv.de\/wp-content\/uploads\/2025\/09\/0O1A2351-18x12.jpg 18w, https:\/\/analyse-schmitt-kollektiv.de\/wp-content\/uploads\/2025\/09\/0O1A2351-1500x1001.jpg 1500w\" sizes=\"(max-width: 705px) 100vw, 705px\" \/><\/div><\/div><\/figure><\/a><!--end av-masonry entry--><\/div><\/div>\n\n<\/div><\/div><\/div><!-- close content main div --><\/div><\/div>\n<style type=\"text\/css\" data-created_by=\"avia_inline_auto\" id=\"style-css-av-av_section-70e2a37d4cde2d6659e99f6b988499e1\">\n.avia-section.av-av_section-70e2a37d4cde2d6659e99f6b988499e1{\nbackground-color:#f2f2f2;\nbackground-image:unset;\n}\n<\/style>\n<div id='contact-section'  class='avia-section av-av_section-70e2a37d4cde2d6659e99f6b988499e1 alternate_color avia-section-no-padding avia-no-border-styling  avia-builder-el-26  el_after_av_section  el_before_av_section  slick-slider av-mini-hide avia-bg-style-scroll container_wrap fullsize'  ><div class='container av-section-cont-open' ><div class='template-page content  av-content-full alpha units'><div class='post-entry post-entry-type-page post-entry-500'><div class='entry-content-wrapper clearfix'>\n<div class='flex_column_table av-av_two_fifth-b00d93b0bcfa3b213d2d71b85be7b574 sc-av_two_fifth av-equal-height-column-flextable'>\n<style type=\"text\/css\" data-created_by=\"avia_inline_auto\" id=\"style-css-av-av_two_fifth-b00d93b0bcfa3b213d2d71b85be7b574\">\n.flex_column.av-av_two_fifth-b00d93b0bcfa3b213d2d71b85be7b574{\nheight:491px;\n}\n<\/style>\n<div  class='flex_column av-av_two_fifth-b00d93b0bcfa3b213d2d71b85be7b574 av_two_fifth  avia-builder-el-27  el_before_av_three_fifth  avia-builder-el-first  first flex_column_table_cell av-equal-height-column av-align-middle'     ><style type=\"text\/css\" data-created_by=\"avia_inline_auto\" id=\"style-css-av-av_image-ce74c44845531a6b07d598c752e00f93\">\n.avia-image-container.av-av_image-ce74c44845531a6b07d598c752e00f93 img.avia_image{\nbox-shadow:none;\n}\n.avia-image-container.av-av_image-ce74c44845531a6b07d598c752e00f93 .av-image-caption-overlay-center{\ncolor:#ffffff;\n}\n<\/style>\n<div  class='avia-image-container av-av_image-ce74c44845531a6b07d598c752e00f93 av-styling- avia-align-center  avia-builder-el-28  avia-builder-el-no-sibling'   itemprop=\"image\" itemscope=\"itemscope\" itemtype=\"https:\/\/schema.org\/ImageObject\" ><div class=\"avia-image-container-inner\"><div class=\"avia-image-overlay-wrap\"><img decoding=\"async\" fetchpriority=\"high\" class='wp-image-1175 avia-img-lazy-loading-not-1175 avia_image' src=\"https:\/\/analyse-schmitt-kollektiv.de\/wp-content\/uploads\/2026\/02\/ask-11-scaled.jpg\" alt='' title='ask-11'  height=\"1084\" width=\"2560\"  itemprop=\"thumbnailUrl\" srcset=\"https:\/\/analyse-schmitt-kollektiv.de\/wp-content\/uploads\/2026\/02\/ask-11-scaled.jpg 2560w, https:\/\/analyse-schmitt-kollektiv.de\/wp-content\/uploads\/2026\/02\/ask-11-300x127.jpg 300w, https:\/\/analyse-schmitt-kollektiv.de\/wp-content\/uploads\/2026\/02\/ask-11-1030x436.jpg 1030w, https:\/\/analyse-schmitt-kollektiv.de\/wp-content\/uploads\/2026\/02\/ask-11-768x325.jpg 768w, https:\/\/analyse-schmitt-kollektiv.de\/wp-content\/uploads\/2026\/02\/ask-11-1536x650.jpg 1536w, https:\/\/analyse-schmitt-kollektiv.de\/wp-content\/uploads\/2026\/02\/ask-11-2048x867.jpg 2048w, https:\/\/analyse-schmitt-kollektiv.de\/wp-content\/uploads\/2026\/02\/ask-11-18x8.jpg 18w, https:\/\/analyse-schmitt-kollektiv.de\/wp-content\/uploads\/2026\/02\/ask-11-1500x635.jpg 1500w, https:\/\/analyse-schmitt-kollektiv.de\/wp-content\/uploads\/2026\/02\/ask-11-705x299.jpg 705w\" sizes=\"(max-width: 2560px) 100vw, 2560px\" \/><\/div><\/div><\/div><\/div><div class='av-flex-placeholder'><\/div>\n<style type=\"text\/css\" data-created_by=\"avia_inline_auto\" id=\"style-css-av-av_three_fifth-073e8805a9ea123c3343c829452f629f\">\n.flex_column.av-av_three_fifth-073e8805a9ea123c3343c829452f629f{\npadding:20px 0 20px 0;\n}\n<\/style>\n<div  class='flex_column av-av_three_fifth-073e8805a9ea123c3343c829452f629f av_three_fifth  avia-builder-el-29  el_after_av_two_fifth  avia-builder-el-last  flex_column_table_cell av-equal-height-column av-align-middle'     ><section  class='av_textblock_section av-av_textblock-92ab5b4c5448b40ef3b82fb3d397e98e'   itemscope=\"itemscope\" itemtype=\"https:\/\/schema.org\/BlogPosting\" itemprop=\"blogPost\" ><div class='avia_textblock'  itemprop=\"text\" ><h3>INTERESTED?<\/h3>\n<p>Want to book a guest performance, attend a show, or work with us as a directing duo?<\/p>\n<p>Get in touch with us here \u2014 we look forward to your inquiries!<\/p>\n<\/div><\/section><br \/>\n<div  class='avia-button-wrap av-av_button-d40fe123a2d706e1c7e47f9609afd23f-wrap avia-button-left  avia-builder-el-31  el_after_av_textblock  avia-builder-el-last'><a href='https:\/\/analyse-schmitt-kollektiv.de\/en\/?page_id=28'  class='avia-button av-av_button-d40fe123a2d706e1c7e47f9609afd23f avia-icon_select-no avia-size-small avia-position-left avia-color-theme-color'  ><span class='avia_iconbox_title' >contact us now<\/span><\/a><\/div><\/p><\/div><\/div><!--close column table wrapper. Autoclose: 1 -->\n\n<\/div><\/div><\/div><!-- close content main div --><\/div><\/div>\n<style type=\"text\/css\" data-created_by=\"avia_inline_auto\" id=\"style-css-av-av_section-01da4b85d861cf078f8347bc133607ad\">\n.avia-section.av-av_section-01da4b85d861cf078f8347bc133607ad{\nbackground-color:#f2f2f2;\nbackground-image:url(https:\/\/analyse-schmitt-kollektiv.de\/wp-content\/uploads\/2026\/02\/ask-11-scaled.jpg);\nbackground-repeat:no-repeat;\nbackground-position:50% 50%;\nbackground-attachment:scroll;\n}\n<\/style>\n<div id='contact-section'  class='avia-section av-av_section-01da4b85d861cf078f8347bc133607ad alternate_color avia-section-no-padding avia-no-border-styling  avia-builder-el-32  el_after_av_section  el_before_av_section  slick-slider av-desktop-hide av-medium-hide av-small-hide avia-full-stretch avia-bg-style-scroll av-minimum-height av-minimum-height-custom av-height-custom  container_wrap fullsize'  data-section-bg-repeat='stretch' data-av_minimum_height_px='200'><div class='container av-section-cont-open' style='height:200px'><div class='template-page content  av-content-full alpha units'><div class='post-entry post-entry-type-page post-entry-500'><div class='entry-content-wrapper clearfix'>\n<\/div><\/div><\/div><!-- close content main div --><\/div><\/div>\n<style type=\"text\/css\" data-created_by=\"avia_inline_auto\" id=\"style-css-av-av_section-7d17ef38725ed8d2ad3ef48f6cd2ab4e\">\n.avia-section.av-av_section-7d17ef38725ed8d2ad3ef48f6cd2ab4e{\nbackground-color:#f2f2f2;\nbackground-image:unset;\n}\n<\/style>\n<div id='contact-section'  class='avia-section av-av_section-7d17ef38725ed8d2ad3ef48f6cd2ab4e alternate_color avia-section-no-padding avia-no-border-styling  avia-builder-el-33  el_after_av_section  avia-builder-el-last  slick-slider av-desktop-hide av-medium-hide av-small-hide avia-bg-style-scroll container_wrap fullsize'  ><div class='container av-section-cont-open' ><div class='template-page content  av-content-full alpha units'><div class='post-entry post-entry-type-page post-entry-500'><div class='entry-content-wrapper clearfix'>\n\n<style type=\"text\/css\" data-created_by=\"avia_inline_auto\" id=\"style-css-av-av_one_full-1fd4dcb1b96d6967db0193701991e1ba\">\n.flex_column.av-av_one_full-1fd4dcb1b96d6967db0193701991e1ba{\npadding:20px 0 20px 0;\n}\n<\/style>\n<div  class='flex_column av-av_one_full-1fd4dcb1b96d6967db0193701991e1ba av_one_full  avia-builder-el-34  avia-builder-el-no-sibling  first flex_column_div'     ><section  class='av_textblock_section av-av_textblock-92ab5b4c5448b40ef3b82fb3d397e98e'   itemscope=\"itemscope\" itemtype=\"https:\/\/schema.org\/BlogPosting\" itemprop=\"blogPost\" ><div class='avia_textblock'  itemprop=\"text\" ><h3>INTERESTED?<\/h3>\n<p>Want to book a guest performance, attend a show, or work with us as a directing duo?<\/p>\n<p>Get in touch with us here \u2014 we look forward to your inquiries!<\/p>\n<\/div><\/section><br \/>\n<div  class='avia-button-wrap av-av_button-d40fe123a2d706e1c7e47f9609afd23f-wrap avia-button-left  avia-builder-el-36  el_after_av_textblock  avia-builder-el-last'><a href='https:\/\/analyse-schmitt-kollektiv.de\/en\/?page_id=28'  class='avia-button av-av_button-d40fe123a2d706e1c7e47f9609afd23f avia-icon_select-no avia-size-small avia-position-left avia-color-theme-color'  ><span class='avia_iconbox_title' >contact us now<\/span><\/a><\/div><\/p><\/div>","protected":false},"excerpt":{"rendered":"<p>A work by \u00d6zlem \u00d6zg\u00fcl D\u00fcndar, created in collaboration with the ensemble of the Junges Staatstheater Karlsruhe and members of the local community.<\/p>","protected":false},"author":1,"featured_media":444,"comment_status":"closed","ping_status":"open","sticky":false,"template":"","format":"standard","meta":{"footnotes":""},"categories":[1],"tags":[],"class_list":["post-500","post","type-post","status-publish","format-standard","has-post-thumbnail","hentry","category-allgemein"],"yoast_head":"<!-- This site is optimized with the Yoast SEO plugin v27.5 - https:\/\/yoast.com\/product\/yoast-seo-wordpress\/ -->\n<title>M\u00e4dchenschrift - analyse schmitt kollektiv<\/title>\n<meta name=\"description\" content=\"Eine Produktion, in der drei Spielerinnen aus dem Ensemble des Badischen Staatstheater Karlsruhe und sechs FLINTA* aus Karlsruhe spielen.\" \/>\n<meta name=\"robots\" content=\"index, follow, max-snippet:-1, max-image-preview:large, max-video-preview:-1\" \/>\n<link rel=\"canonical\" href=\"https:\/\/analyse-schmitt-kollektiv.de\/en\/projekte\/maedchenschrift-2\/\" \/>\n<meta property=\"og:locale\" content=\"en_US\" \/>\n<meta property=\"og:type\" content=\"article\" \/>\n<meta property=\"og:title\" content=\"M\u00e4dchenschrift - analyse schmitt kollektiv\" \/>\n<meta property=\"og:description\" content=\"Eine Produktion, in der drei Spielerinnen aus dem Ensemble des Badischen Staatstheater Karlsruhe und sechs FLINTA* aus Karlsruhe spielen.\" \/>\n<meta property=\"og:url\" content=\"https:\/\/analyse-schmitt-kollektiv.de\/en\/projekte\/maedchenschrift-2\/\" \/>\n<meta property=\"og:site_name\" content=\"analyse schmitt kollektiv\" \/>\n<meta property=\"article:published_time\" content=\"2025-09-11T11:33:54+00:00\" \/>\n<meta property=\"article:modified_time\" content=\"2026-04-02T11:04:56+00:00\" \/>\n<meta property=\"og:image\" content=\"https:\/\/analyse-schmitt-kollektiv.de\/wp-content\/uploads\/2025\/02\/0O1A2405-1030x687.jpg\" \/>\n\t<meta property=\"og:image:width\" content=\"1030\" \/>\n\t<meta property=\"og:image:height\" content=\"687\" \/>\n\t<meta property=\"og:image:type\" content=\"image\/jpeg\" \/>\n<meta name=\"author\" content=\"mariekeweisser\" \/>\n<meta name=\"twitter:card\" content=\"summary_large_image\" \/>\n<meta name=\"twitter:label1\" content=\"Written by\" \/>\n\t<meta name=\"twitter:data1\" content=\"mariekeweisser\" \/>\n\t<meta name=\"twitter:label2\" content=\"Est. reading time\" \/>\n\t<meta name=\"twitter:data2\" content=\"6 minutes\" \/>\n<script type=\"application\/ld+json\" class=\"yoast-schema-graph\">{\"@context\":\"https:\\\/\\\/schema.org\",\"@graph\":[{\"@type\":\"Article\",\"@id\":\"https:\\\/\\\/analyse-schmitt-kollektiv.de\\\/projekte\\\/maedchenschrift-2\\\/#article\",\"isPartOf\":{\"@id\":\"https:\\\/\\\/analyse-schmitt-kollektiv.de\\\/projekte\\\/maedchenschrift-2\\\/\"},\"author\":{\"name\":\"mariekeweisser\",\"@id\":\"https:\\\/\\\/analyse-schmitt-kollektiv.de\\\/#\\\/schema\\\/person\\\/afcb6528b2ec47b3e0302bd97d9fea80\"},\"headline\":\"M\u00e4dchenschrift\",\"datePublished\":\"2025-09-11T11:33:54+00:00\",\"dateModified\":\"2026-04-02T11:04:56+00:00\",\"mainEntityOfPage\":{\"@id\":\"https:\\\/\\\/analyse-schmitt-kollektiv.de\\\/projekte\\\/maedchenschrift-2\\\/\"},\"wordCount\":8377,\"image\":{\"@id\":\"https:\\\/\\\/analyse-schmitt-kollektiv.de\\\/projekte\\\/maedchenschrift-2\\\/#primaryimage\"},\"thumbnailUrl\":\"https:\\\/\\\/analyse-schmitt-kollektiv.de\\\/wp-content\\\/uploads\\\/2025\\\/02\\\/0O1A2405-scaled.jpg\",\"articleSection\":[\"Allgemein\"],\"inLanguage\":\"en-US\"},{\"@type\":\"WebPage\",\"@id\":\"https:\\\/\\\/analyse-schmitt-kollektiv.de\\\/projekte\\\/maedchenschrift-2\\\/\",\"url\":\"https:\\\/\\\/analyse-schmitt-kollektiv.de\\\/projekte\\\/maedchenschrift-2\\\/\",\"name\":\"M\u00e4dchenschrift - analyse schmitt kollektiv\",\"isPartOf\":{\"@id\":\"https:\\\/\\\/analyse-schmitt-kollektiv.de\\\/#website\"},\"primaryImageOfPage\":{\"@id\":\"https:\\\/\\\/analyse-schmitt-kollektiv.de\\\/projekte\\\/maedchenschrift-2\\\/#primaryimage\"},\"image\":{\"@id\":\"https:\\\/\\\/analyse-schmitt-kollektiv.de\\\/projekte\\\/maedchenschrift-2\\\/#primaryimage\"},\"thumbnailUrl\":\"https:\\\/\\\/analyse-schmitt-kollektiv.de\\\/wp-content\\\/uploads\\\/2025\\\/02\\\/0O1A2405-scaled.jpg\",\"datePublished\":\"2025-09-11T11:33:54+00:00\",\"dateModified\":\"2026-04-02T11:04:56+00:00\",\"author\":{\"@id\":\"https:\\\/\\\/analyse-schmitt-kollektiv.de\\\/#\\\/schema\\\/person\\\/afcb6528b2ec47b3e0302bd97d9fea80\"},\"description\":\"Eine Produktion, in der drei Spielerinnen aus dem Ensemble des Badischen Staatstheater Karlsruhe und sechs FLINTA* aus Karlsruhe spielen.\",\"breadcrumb\":{\"@id\":\"https:\\\/\\\/analyse-schmitt-kollektiv.de\\\/projekte\\\/maedchenschrift-2\\\/#breadcrumb\"},\"inLanguage\":\"en-US\",\"potentialAction\":[{\"@type\":\"ReadAction\",\"target\":[\"https:\\\/\\\/analyse-schmitt-kollektiv.de\\\/projekte\\\/maedchenschrift-2\\\/\"]}]},{\"@type\":\"ImageObject\",\"inLanguage\":\"en-US\",\"@id\":\"https:\\\/\\\/analyse-schmitt-kollektiv.de\\\/projekte\\\/maedchenschrift-2\\\/#primaryimage\",\"url\":\"https:\\\/\\\/analyse-schmitt-kollektiv.de\\\/wp-content\\\/uploads\\\/2025\\\/02\\\/0O1A2405-scaled.jpg\",\"contentUrl\":\"https:\\\/\\\/analyse-schmitt-kollektiv.de\\\/wp-content\\\/uploads\\\/2025\\\/02\\\/0O1A2405-scaled.jpg\",\"width\":2560,\"height\":1708},{\"@type\":\"BreadcrumbList\",\"@id\":\"https:\\\/\\\/analyse-schmitt-kollektiv.de\\\/projekte\\\/maedchenschrift-2\\\/#breadcrumb\",\"itemListElement\":[{\"@type\":\"ListItem\",\"position\":1,\"name\":\"Startseite\",\"item\":\"https:\\\/\\\/analyse-schmitt-kollektiv.de\\\/beispiel-seite-2\\\/\"},{\"@type\":\"ListItem\",\"position\":2,\"name\":\"M\u00e4dchenschrift\"}]},{\"@type\":\"WebSite\",\"@id\":\"https:\\\/\\\/analyse-schmitt-kollektiv.de\\\/#website\",\"url\":\"https:\\\/\\\/analyse-schmitt-kollektiv.de\\\/\",\"name\":\"analyse schmitt kollektiv\",\"description\":\"\",\"potentialAction\":[{\"@type\":\"SearchAction\",\"target\":{\"@type\":\"EntryPoint\",\"urlTemplate\":\"https:\\\/\\\/analyse-schmitt-kollektiv.de\\\/?s={search_term_string}\"},\"query-input\":{\"@type\":\"PropertyValueSpecification\",\"valueRequired\":true,\"valueName\":\"search_term_string\"}}],\"inLanguage\":\"en-US\"},{\"@type\":\"Person\",\"@id\":\"https:\\\/\\\/analyse-schmitt-kollektiv.de\\\/#\\\/schema\\\/person\\\/afcb6528b2ec47b3e0302bd97d9fea80\",\"name\":\"mariekeweisser\",\"image\":{\"@type\":\"ImageObject\",\"inLanguage\":\"en-US\",\"@id\":\"https:\\\/\\\/secure.gravatar.com\\\/avatar\\\/32d0752c4156ec604010b32a93c9f14c4ebad8abb0379a13955890c5f3972eb4?s=96&d=mm&r=g\",\"url\":\"https:\\\/\\\/secure.gravatar.com\\\/avatar\\\/32d0752c4156ec604010b32a93c9f14c4ebad8abb0379a13955890c5f3972eb4?s=96&d=mm&r=g\",\"contentUrl\":\"https:\\\/\\\/secure.gravatar.com\\\/avatar\\\/32d0752c4156ec604010b32a93c9f14c4ebad8abb0379a13955890c5f3972eb4?s=96&d=mm&r=g\",\"caption\":\"mariekeweisser\"},\"sameAs\":[\"https:\\\/\\\/analyse-schmitt-kollektiv.de\"],\"url\":\"https:\\\/\\\/analyse-schmitt-kollektiv.de\\\/en\\\/projekte\\\/author\\\/mariekeweisser\\\/\"}]}<\/script>\n<!-- \/ Yoast SEO plugin. -->","yoast_head_json":{"title":"M\u00e4dchenschrift - analyse schmitt kollektiv","description":"Eine Produktion, in der drei Spielerinnen aus dem Ensemble des Badischen Staatstheater Karlsruhe und sechs FLINTA* aus Karlsruhe spielen.","robots":{"index":"index","follow":"follow","max-snippet":"max-snippet:-1","max-image-preview":"max-image-preview:large","max-video-preview":"max-video-preview:-1"},"canonical":"https:\/\/analyse-schmitt-kollektiv.de\/en\/projekte\/maedchenschrift-2\/","og_locale":"en_US","og_type":"article","og_title":"M\u00e4dchenschrift - analyse schmitt kollektiv","og_description":"Eine Produktion, in der drei Spielerinnen aus dem Ensemble des Badischen Staatstheater Karlsruhe und sechs FLINTA* aus Karlsruhe spielen.","og_url":"https:\/\/analyse-schmitt-kollektiv.de\/en\/projekte\/maedchenschrift-2\/","og_site_name":"analyse schmitt kollektiv","article_published_time":"2025-09-11T11:33:54+00:00","article_modified_time":"2026-04-02T11:04:56+00:00","og_image":[{"width":1030,"height":687,"url":"https:\/\/analyse-schmitt-kollektiv.de\/wp-content\/uploads\/2025\/02\/0O1A2405-1030x687.jpg","type":"image\/jpeg"}],"author":"mariekeweisser","twitter_card":"summary_large_image","twitter_misc":{"Written by":"mariekeweisser","Est. reading time":"6 minutes"},"schema":{"@context":"https:\/\/schema.org","@graph":[{"@type":"Article","@id":"https:\/\/analyse-schmitt-kollektiv.de\/projekte\/maedchenschrift-2\/#article","isPartOf":{"@id":"https:\/\/analyse-schmitt-kollektiv.de\/projekte\/maedchenschrift-2\/"},"author":{"name":"mariekeweisser","@id":"https:\/\/analyse-schmitt-kollektiv.de\/#\/schema\/person\/afcb6528b2ec47b3e0302bd97d9fea80"},"headline":"M\u00e4dchenschrift","datePublished":"2025-09-11T11:33:54+00:00","dateModified":"2026-04-02T11:04:56+00:00","mainEntityOfPage":{"@id":"https:\/\/analyse-schmitt-kollektiv.de\/projekte\/maedchenschrift-2\/"},"wordCount":8377,"image":{"@id":"https:\/\/analyse-schmitt-kollektiv.de\/projekte\/maedchenschrift-2\/#primaryimage"},"thumbnailUrl":"https:\/\/analyse-schmitt-kollektiv.de\/wp-content\/uploads\/2025\/02\/0O1A2405-scaled.jpg","articleSection":["Allgemein"],"inLanguage":"en-US"},{"@type":"WebPage","@id":"https:\/\/analyse-schmitt-kollektiv.de\/projekte\/maedchenschrift-2\/","url":"https:\/\/analyse-schmitt-kollektiv.de\/projekte\/maedchenschrift-2\/","name":"M\u00e4dchenschrift - analyse schmitt kollektiv","isPartOf":{"@id":"https:\/\/analyse-schmitt-kollektiv.de\/#website"},"primaryImageOfPage":{"@id":"https:\/\/analyse-schmitt-kollektiv.de\/projekte\/maedchenschrift-2\/#primaryimage"},"image":{"@id":"https:\/\/analyse-schmitt-kollektiv.de\/projekte\/maedchenschrift-2\/#primaryimage"},"thumbnailUrl":"https:\/\/analyse-schmitt-kollektiv.de\/wp-content\/uploads\/2025\/02\/0O1A2405-scaled.jpg","datePublished":"2025-09-11T11:33:54+00:00","dateModified":"2026-04-02T11:04:56+00:00","author":{"@id":"https:\/\/analyse-schmitt-kollektiv.de\/#\/schema\/person\/afcb6528b2ec47b3e0302bd97d9fea80"},"description":"Eine Produktion, in der drei Spielerinnen aus dem Ensemble des Badischen Staatstheater Karlsruhe und sechs FLINTA* aus Karlsruhe spielen.","breadcrumb":{"@id":"https:\/\/analyse-schmitt-kollektiv.de\/projekte\/maedchenschrift-2\/#breadcrumb"},"inLanguage":"en-US","potentialAction":[{"@type":"ReadAction","target":["https:\/\/analyse-schmitt-kollektiv.de\/projekte\/maedchenschrift-2\/"]}]},{"@type":"ImageObject","inLanguage":"en-US","@id":"https:\/\/analyse-schmitt-kollektiv.de\/projekte\/maedchenschrift-2\/#primaryimage","url":"https:\/\/analyse-schmitt-kollektiv.de\/wp-content\/uploads\/2025\/02\/0O1A2405-scaled.jpg","contentUrl":"https:\/\/analyse-schmitt-kollektiv.de\/wp-content\/uploads\/2025\/02\/0O1A2405-scaled.jpg","width":2560,"height":1708},{"@type":"BreadcrumbList","@id":"https:\/\/analyse-schmitt-kollektiv.de\/projekte\/maedchenschrift-2\/#breadcrumb","itemListElement":[{"@type":"ListItem","position":1,"name":"Startseite","item":"https:\/\/analyse-schmitt-kollektiv.de\/beispiel-seite-2\/"},{"@type":"ListItem","position":2,"name":"M\u00e4dchenschrift"}]},{"@type":"WebSite","@id":"https:\/\/analyse-schmitt-kollektiv.de\/#website","url":"https:\/\/analyse-schmitt-kollektiv.de\/","name":"analyse schmitt kollektiv","description":"","potentialAction":[{"@type":"SearchAction","target":{"@type":"EntryPoint","urlTemplate":"https:\/\/analyse-schmitt-kollektiv.de\/?s={search_term_string}"},"query-input":{"@type":"PropertyValueSpecification","valueRequired":true,"valueName":"search_term_string"}}],"inLanguage":"en-US"},{"@type":"Person","@id":"https:\/\/analyse-schmitt-kollektiv.de\/#\/schema\/person\/afcb6528b2ec47b3e0302bd97d9fea80","name":"mariekeweisser","image":{"@type":"ImageObject","inLanguage":"en-US","@id":"https:\/\/secure.gravatar.com\/avatar\/32d0752c4156ec604010b32a93c9f14c4ebad8abb0379a13955890c5f3972eb4?s=96&d=mm&r=g","url":"https:\/\/secure.gravatar.com\/avatar\/32d0752c4156ec604010b32a93c9f14c4ebad8abb0379a13955890c5f3972eb4?s=96&d=mm&r=g","contentUrl":"https:\/\/secure.gravatar.com\/avatar\/32d0752c4156ec604010b32a93c9f14c4ebad8abb0379a13955890c5f3972eb4?s=96&d=mm&r=g","caption":"mariekeweisser"},"sameAs":["https:\/\/analyse-schmitt-kollektiv.de"],"url":"https:\/\/analyse-schmitt-kollektiv.de\/en\/projekte\/author\/mariekeweisser\/"}]}},"_links":{"self":[{"href":"https:\/\/analyse-schmitt-kollektiv.de\/en\/wp-json\/wp\/v2\/posts\/500","targetHints":{"allow":["GET"]}}],"collection":[{"href":"https:\/\/analyse-schmitt-kollektiv.de\/en\/wp-json\/wp\/v2\/posts"}],"about":[{"href":"https:\/\/analyse-schmitt-kollektiv.de\/en\/wp-json\/wp\/v2\/types\/post"}],"author":[{"embeddable":true,"href":"https:\/\/analyse-schmitt-kollektiv.de\/en\/wp-json\/wp\/v2\/users\/1"}],"replies":[{"embeddable":true,"href":"https:\/\/analyse-schmitt-kollektiv.de\/en\/wp-json\/wp\/v2\/comments?post=500"}],"version-history":[{"count":9,"href":"https:\/\/analyse-schmitt-kollektiv.de\/en\/wp-json\/wp\/v2\/posts\/500\/revisions"}],"predecessor-version":[{"id":1253,"href":"https:\/\/analyse-schmitt-kollektiv.de\/en\/wp-json\/wp\/v2\/posts\/500\/revisions\/1253"}],"wp:featuredmedia":[{"embeddable":true,"href":"https:\/\/analyse-schmitt-kollektiv.de\/en\/wp-json\/wp\/v2\/media\/444"}],"wp:attachment":[{"href":"https:\/\/analyse-schmitt-kollektiv.de\/en\/wp-json\/wp\/v2\/media?parent=500"}],"wp:term":[{"taxonomy":"category","embeddable":true,"href":"https:\/\/analyse-schmitt-kollektiv.de\/en\/wp-json\/wp\/v2\/categories?post=500"},{"taxonomy":"post_tag","embeddable":true,"href":"https:\/\/analyse-schmitt-kollektiv.de\/en\/wp-json\/wp\/v2\/tags?post=500"}],"curies":[{"name":"wp","href":"https:\/\/api.w.org\/{rel}","templated":true}]}}